{"id":3224,"date":"2012-05-04T16:17:53","date_gmt":"2012-05-04T15:17:53","guid":{"rendered":"http:\/\/heijbel.wordpress.com\/2012\/05\/04\/cirka-sextio-pa-malmoseminarium"},"modified":"2012-05-04T16:17:53","modified_gmt":"2012-05-04T15:17:53","slug":"cirka-sextio-pa-malmoseminarium","status":"publish","type":"post","link":"https:\/\/storytellers.se\/?p=3224","title":{"rendered":"Cirka sextio p\u00e5 Malm\u00f6seminarium"},"content":{"rendered":"<p>I dag h\u00f6ll jag ett storytellingseminarium hos<strong> ID Kommunikation<\/strong> i Malm\u00f6. Ett sextiotal m\u00e4nniskor fr\u00e5n offentlig, privat och ideell sektor kom. Fr\u00e5gestunden var intensiv.<br \/>\nBland annat diskuterade vi om begreppet sanning eller saga i Corporate Storytelling. Sk\u00e5ne och \u00d6resundsregionen \u00e4r verkligen en intensiv del av norra Europa med bland annat den kommande forskningssatsningen <strong>ESS<\/strong> som blir n\u00e5got slags Nordens Cern &#8211; om jag fattat det r\u00e4tt. B\u00e5de <strong>Malm\u00f6 H\u00f6gskola<\/strong> och <strong>Lunds Universitet <\/strong> var d\u00e4r liksom <strong>Ikea<\/strong>, <strong>Sparbanken Syd<\/strong>, <strong>Invest in Sk\u00e5ne<\/strong> och <strong>Damstahl<\/strong>.<br \/>\nH\u00e4r br\u00f6ts och m\u00f6ttes f\u00f6retagskulturerna men jag tror alla var ense om att det finns befolkat kulturkapital och organisationsber\u00e4ttelser \u00f6verallt d\u00e4r m\u00e4nniskor samarbetar. F\u00f6r mig \u00e4r ber\u00e4ttelserna som <em>ber\u00e4ttar den h\u00e4r regionen in i framtiden<\/em> extra intressanta. F\u00f6r h\u00e4nder mycket i Sk\u00e5ne, Danmark och Norra Tyskland.<\/p>\n","protected":false},"excerpt":{"rendered":"<p>I dag h\u00f6ll jag ett storytellingseminarium hos ID Kommunikation i Malm\u00f6. Ett sextiotal m\u00e4nniskor fr\u00e5n offentlig, privat och ideell sektor kom. Fr\u00e5gestunden var intensiv. Bland annat diskuterade vi om begreppet sanning eller saga i Corporate Storytelling. Sk\u00e5ne och \u00d6resundsregionen \u00e4r verkligen en intensiv del av norra Europa med bland annat den kommande forskningssatsningen ESS som&#8230;<\/p>\n","protected":false},"author":2,"featured_media":0,"comment_status":"open","ping_status":"closed","sticky":false,"template":"","format":"standard","meta":[],"categories":[7],"tags":[],"_links":{"self":[{"href":"https:\/\/storytellers.se\/index.php?rest_route=\/wp\/v2\/posts\/3224"}],"collection":[{"href":"https:\/\/storytellers.se\/index.php?rest_route=\/wp\/v2\/posts"}],"about":[{"href":"https:\/\/storytellers.se\/index.php?rest_route=\/wp\/v2\/types\/post"}],"author":[{"embeddable":true,"href":"https:\/\/storytellers.se\/index.php?rest_route=\/wp\/v2\/users\/2"}],"replies":[{"embeddable":true,"href":"https:\/\/storytellers.se\/index.php?rest_route=%2Fwp%2Fv2%2Fcomments&post=3224"}],"version-history":[{"count":0,"href":"https:\/\/storytellers.se\/index.php?rest_route=\/wp\/v2\/posts\/3224\/revisions"}],"wp:attachment":[{"href":"https:\/\/storytellers.se\/index.php?rest_route=%2Fwp%2Fv2%2Fmedia&parent=3224"}],"wp:term":[{"taxonomy":"category","embeddable":true,"href":"https:\/\/storytellers.se\/index.php?rest_route=%2Fwp%2Fv2%2Fcategories&post=3224"},{"taxonomy":"post_tag","embeddable":true,"href":"https:\/\/storytellers.se\/index.php?rest_route=%2Fwp%2Fv2%2Ftags&post=3224"}],"curies":[{"name":"wp","href":"https:\/\/api.w.org\/{rel}","templated":true}]}}