{"id":3220,"date":"2012-05-01T15:38:44","date_gmt":"2012-05-01T14:38:44","guid":{"rendered":"http:\/\/heijbel.wordpress.com\/2012\/05\/01\/nyhetsbrev-71-hur-doftar-man-sig-in-i-framtiden"},"modified":"2012-05-01T15:38:44","modified_gmt":"2012-05-01T14:38:44","slug":"nyhetsbrev-71-hur-doftar-man-sig-in-i-framtiden","status":"publish","type":"post","link":"https:\/\/storytellers.se\/?p=3220","title":{"rendered":"Nyhetsbrev 71: Hur doftar man sig in i framtiden"},"content":{"rendered":"<p>I dag har alla l\u00e4sare f\u00e5tt detta kostnadsfria nyhetsbrev. N\u00e4stan 4000 \u00e4r ni. Vill du ocks\u00e5 ha det s\u00e5 l\u00e4nka in dig h\u00e4r <a href=\"mailto:matts@storytellers.se\">matts@storytellers.se<\/a><br \/>\nVill du l\u00e4sa det senaste klicka p\u00e5 l\u00e4nken h\u00e4r under.<\/p>\n<p><!--more--><br \/>\nNyhetsbrev 71:<br \/>\nHej  Storytellerv\u00e4n<br \/>\nL\u00e4s l\u00e4ngre ner om mina kommande seminarier i Malm\u00f6, Stockholm och G\u00f6teborg.<br \/>\n+++++++++++++++++++++++++++++++++++++++++++++++<br \/>\nSinnesmarknadsf\u00f6ring \u00e4r v\u00e4ldigt sp\u00e4nnande. Ta till exempel <em>Eau de MacBook Pro<\/em>, en parfym med inslag av plast, bl\u00e4ck och aluminium blandad med kartongdoften n\u00e4r man \u00f6ppnar en alldeles ny Mac-dator. Det \u00e4r en erotisk dans med doftsinnet.<br \/>\nDet \u00e4r ocks\u00e5 en ber\u00e4ttelse bara att den finns. Kanske var det tanken att ber\u00e4ttelsen om Eau de MacBook Pro-parfymen \u00e4r viktigare \u00e4n parfymen i sig.<br \/>\n++++++++++++++++++++++++++++++++++++++++++++++++<br \/>\nH\u00f6rseln \u00e4r ocks\u00e5 ett av m\u00e4nniskans sinnen. N\u00e4r jag var med och installerade riktade h\u00f6gtalare i Sickla K\u00f6pkvarter s\u00e5 valde 155.000 m\u00e4nniskor p\u00e5 knappt tv\u00e5 \u00e5r att frivilligt g\u00e5 in i ljudduschen och lyssna till ber\u00e4ttelser om Sickla som plats. Allts\u00e5 inte s\u00e4ljbudskap typ: K\u00f6p tre betala f\u00f6r tv\u00e5 eller andra reklambudskap. H\u00e4r handlade det om platsen Sickla i Nacka.<br \/>\nDe satte sig i stolen, tryckte p\u00e5 knappen och l\u00e4t storyn sk\u00f6lja \u00f6ver dem.<br \/>\nLukten, smaken, h\u00f6rseln, k\u00e4nseln, synen och balansen verkar vara det vi kallar m\u00e4nniskans sinnen. Som storyteller \u00e4r jag mer inne p\u00e5 att v\u00e4cka minnen och k\u00e4nslor.<br \/>\nEn bra story v\u00e4cker associationer och bjuder in till en slags dialog d\u00e4r lyssnaren \/ tittaren \/ l\u00e4saren plockar fram sina egna inre bilder och minnen och delar upplevelsen av ber\u00e4ttelsen.<br \/>\n++++++++++++++++++++++++++++++++++++++++++++++++<br \/>\nDet \u00e4r mycket med det d\u00e4r men jag h\u00e5ller mig envist fast vid tanken att lyssna av och ber\u00e4tta oss in i framtiden.<br \/>\nAtt tr\u00e4na sig att ber\u00e4tta sin story och sin organisations ber\u00e4ttelse \u00e4r helt grundl\u00e4ggande f\u00f6r att komma vidare. En bra s\u00e4ljare eller servicem\u00e4nniska vet hur man ber\u00e4ttar om en tj\u00e4nst eller en produkt som heroiserar.<br \/>\nEn bra chef eller ledare vet hur en ber\u00e4ttelse visar meningen med att vi i organisationen kan ta i lite extra f\u00f6r att \u00f6verleva l\u00e5ngsiktigt.<br \/>\nEn smart \u00e4gare eller toppledare anv\u00e4nder emotionella ber\u00e4ttelser f\u00f6r att locka till sig investerare och aff\u00e4rskompanjoner. Blir det motigt kan hen (!) ocks\u00e5 m\u00e5la upp visionsber\u00e4ttelser f\u00f6r att visa v\u00e4gen bortom kr\u00f6net.<br \/>\n+++++++++++++++++++++++++++++++++++++++++++++++++<br \/>\nHar man d\u00e5 tid att ber\u00e4tta i aff\u00e4rslivet? Motfr\u00e5gan blir f\u00f6rst\u00e5s hur kan man avst\u00e5? Finns det \u00f6verhuvudtaget n\u00e5gon framtid utan att vi ber\u00e4ttar om var vi kommer i fr\u00e5n, vart vi befinner oss och vart vi \u00e4r p\u00e5 v\u00e4g.<br \/>\n+++++++++++++++++++++++++++++++++++++++++++++++++<br \/>\nDen fj\u00e4rde maj har jag ett kostnadsfritt seminarium hos ID Kommunikation i Malm\u00f6. Vill du komma s\u00e5 mejla mig p\u00e5 matts@storytellers.se s\u00e5 \u00e5terkommer jag. Det \u00e4r ett frukostseminarium. Den 8 maj har jag ett seminarium, ocks\u00e5 det kostnadsfritt, i Stockholm. Efter lunch. Vill du komma s\u00e5 anm\u00e4l dig till matts@storytellers.se s\u00e5 \u00e5terkommer jag.<br \/>\nTill G\u00f6teborg kommer jag den 15 maj och har ett seminarium tillsammans med Stendahls, Sveriges \u00e4ldsta reklambyr\u00e5. Det \u00e4r ocks\u00e5 eftermiddag. Vill du komma s\u00e5 anm\u00e4l dig till matts@storytellers.se s\u00e5 \u00e5terkommer jag.<br \/>\n++++++++++++++++++++++++++++++++++++++++++++++++++<br \/>\nJag som skrev det h\u00e4r heter <strong>Matts Heijbel<\/strong>. Du f\u00e5r mejlet f\u00f6r att du anm\u00e4lt dig eller f\u00f6r att du skrivit in dig sj\u00e4lv eller givit mig ditt visitkort. Du \u00e4r en av n\u00e4stan 4.000 prenumeranter.<br \/>\nVill du inte ha det mer s\u00e5 v\u00e4nder du det bara med ett Nej Tack. D\u00e5 tar jag bort dig fr\u00e5n listan.<br \/>\nMatts Heijbel<br \/>\nStockholm \/ Gr\u00f6dinge 1 maj 2012<br \/>\nYou are receiving this message because you have opted in to the Storytellers &#8211; Nyhetsbrev list. To unsubscribe, please follow this link: http:\/\/www.storytellers.se\/txt\/index.php<br \/>\nAnsluten till Microsoft Exchange<\/p>\n","protected":false},"excerpt":{"rendered":"<p>I dag har alla l\u00e4sare f\u00e5tt detta kostnadsfria nyhetsbrev. N\u00e4stan 4000 \u00e4r ni. Vill du ocks\u00e5 ha det s\u00e5 l\u00e4nka in dig h\u00e4r matts@storytellers.se Vill du l\u00e4sa det senaste klicka p\u00e5 l\u00e4nken h\u00e4r under.<\/p>\n","protected":false},"author":2,"featured_media":0,"comment_status":"open","ping_status":"closed","sticky":false,"template":"","format":"standard","meta":[],"categories":[8],"tags":[],"_links":{"self":[{"href":"https:\/\/storytellers.se\/index.php?rest_route=\/wp\/v2\/posts\/3220"}],"collection":[{"href":"https:\/\/storytellers.se\/index.php?rest_route=\/wp\/v2\/posts"}],"about":[{"href":"https:\/\/storytellers.se\/index.php?rest_route=\/wp\/v2\/types\/post"}],"author":[{"embeddable":true,"href":"https:\/\/storytellers.se\/index.php?rest_route=\/wp\/v2\/users\/2"}],"replies":[{"embeddable":true,"href":"https:\/\/storytellers.se\/index.php?rest_route=%2Fwp%2Fv2%2Fcomments&post=3220"}],"version-history":[{"count":0,"href":"https:\/\/storytellers.se\/index.php?rest_route=\/wp\/v2\/posts\/3220\/revisions"}],"wp:attachment":[{"href":"https:\/\/storytellers.se\/index.php?rest_route=%2Fwp%2Fv2%2Fmedia&parent=3220"}],"wp:term":[{"taxonomy":"category","embeddable":true,"href":"https:\/\/storytellers.se\/index.php?rest_route=%2Fwp%2Fv2%2Fcategories&post=3220"},{"taxonomy":"post_tag","embeddable":true,"href":"https:\/\/storytellers.se\/index.php?rest_route=%2Fwp%2Fv2%2Ftags&post=3220"}],"curies":[{"name":"wp","href":"https:\/\/api.w.org\/{rel}","templated":true}]}}