{"id":3218,"date":"2012-04-28T10:44:43","date_gmt":"2012-04-28T09:44:43","guid":{"rendered":"http:\/\/heijbel.wordpress.com\/2012\/04\/28\/doften-av-mac"},"modified":"2012-04-28T10:44:43","modified_gmt":"2012-04-28T09:44:43","slug":"doften-av-mac","status":"publish","type":"post","link":"https:\/\/storytellers.se\/?p=3218","title":{"rendered":"Doften av Mac"},"content":{"rendered":"<p>Varum\u00e4rkesevangelister hyllar ofta sin produkter p\u00e5 emotionella s\u00e4tt. Sinnlig kommunikation kan ocks\u00e5 handla om doftmarknadsf\u00f6ring. Nu har doften av en nyuppackad Macbook Pro lanserats som <a href=\"http:\/\/9to5mac.com\/2012\/04\/16\/new-fragrance-created-that-is-based-off-the-smell-of-new-apple-products\/?utm_source=feedburner&amp;utm_medium=feed&amp;utm_campaign=Feed%3A+9To5Mac-MacAllDay+%289+to+5+Mac+-+Apple+Intelligence%29\">parfym<\/a>.<br \/>\nEau de MacBook Pro med inslag av plast, bl\u00e4ck p\u00e5 papp och aluminium ger oss m\u00f6jligheten att uppleva lyckan av att m\u00f6tas en m\u00e4nniska som g\u00e5ng p\u00e5 g\u00e5ng doftar som en ny\u00f6ppnad kartong inneh\u00e5llande en ny <em>MacBook Pro<\/em>&#8230;.<br \/>\nDetta \u00e4r sinnesmarknadsf\u00f6ring. Men det \u00e4r ocks\u00e5 en story om sinnesmarknadsf\u00f6ring.<\/p>\n","protected":false},"excerpt":{"rendered":"<p>Varum\u00e4rkesevangelister hyllar ofta sin produkter p\u00e5 emotionella s\u00e4tt. Sinnlig kommunikation kan ocks\u00e5 handla om doftmarknadsf\u00f6ring. Nu har doften av en nyuppackad Macbook Pro lanserats som parfym. Eau de MacBook Pro med inslag av plast, bl\u00e4ck p\u00e5 papp och aluminium ger oss m\u00f6jligheten att uppleva lyckan av att m\u00f6tas en m\u00e4nniska som g\u00e5ng p\u00e5 g\u00e5ng doftar&#8230;<\/p>\n","protected":false},"author":2,"featured_media":0,"comment_status":"open","ping_status":"closed","sticky":false,"template":"","format":"standard","meta":[],"categories":[2],"tags":[],"_links":{"self":[{"href":"https:\/\/storytellers.se\/index.php?rest_route=\/wp\/v2\/posts\/3218"}],"collection":[{"href":"https:\/\/storytellers.se\/index.php?rest_route=\/wp\/v2\/posts"}],"about":[{"href":"https:\/\/storytellers.se\/index.php?rest_route=\/wp\/v2\/types\/post"}],"author":[{"embeddable":true,"href":"https:\/\/storytellers.se\/index.php?rest_route=\/wp\/v2\/users\/2"}],"replies":[{"embeddable":true,"href":"https:\/\/storytellers.se\/index.php?rest_route=%2Fwp%2Fv2%2Fcomments&post=3218"}],"version-history":[{"count":0,"href":"https:\/\/storytellers.se\/index.php?rest_route=\/wp\/v2\/posts\/3218\/revisions"}],"wp:attachment":[{"href":"https:\/\/storytellers.se\/index.php?rest_route=%2Fwp%2Fv2%2Fmedia&parent=3218"}],"wp:term":[{"taxonomy":"category","embeddable":true,"href":"https:\/\/storytellers.se\/index.php?rest_route=%2Fwp%2Fv2%2Fcategories&post=3218"},{"taxonomy":"post_tag","embeddable":true,"href":"https:\/\/storytellers.se\/index.php?rest_route=%2Fwp%2Fv2%2Ftags&post=3218"}],"curies":[{"name":"wp","href":"https:\/\/api.w.org\/{rel}","templated":true}]}}