{"id":3216,"date":"2012-04-26T17:57:00","date_gmt":"2012-04-26T16:57:00","guid":{"rendered":"http:\/\/heijbel.wordpress.com\/2012\/04\/26\/155-312-lyssningar"},"modified":"2012-04-26T17:57:00","modified_gmt":"2012-04-26T16:57:00","slug":"155-312-lyssningar","status":"publish","type":"post","link":"https:\/\/storytellers.se\/?p=3216","title":{"rendered":"155.312 lyssningar"},"content":{"rendered":"<p>M\u00e5nga v\u00e4ntar i olika k\u00f6pcentra n\u00e4r deras anh\u00f6riga \u00e4r inne och shoppar. D\u00e5 kan det vara sk\u00f6nt att sl\u00e5 sig ned och titta. Och kanske lyssna.<br \/>\nI Nacka och <em>Sickla k\u00f6pkvarter<\/em> monterade vi storyduschar f\u00f6r n\u00e5gra \u00e5r sedan. Det handlar om speciella riktade h\u00f6gtalare ( likt en ficklampa i m\u00f6rkret ) som laddades med ber\u00e4ttelser om platsen.<br \/>\nDen som ville h\u00f6ra en Sicklaber\u00e4ttelse satte i en stol placerad i k\u00f6pgallerian, tryckte p\u00e5 knappen och h\u00f6rde mig ber\u00e4tta om gruvan under, om roddarmadammer om den nya gymnasieskolan med mera.<br \/>\nEfter 22 m\u00e5nader hade lyssnarna tryckt 155.312 g\u00e5nger och d\u00e4rmed sagt <em>Ja tack<\/em> till att kliva in i ljudstr\u00e5len och lyssna p\u00e5 <em>Sicklastories<\/em>. Massor av frivilliga och potentiella ambassad\u00f6rer tr\u00e4dde med andra ord fram.<br \/>\nDet riktade ljudet fungerar s\u00e5 att den som inte befinner sig i sj\u00e4lva ljudduschen h\u00f6r inget. Ingen allm\u00e4n nedsmutsning av luftrummet allts\u00e5 utan helt enkelt ett frivilligt val att lyssna.<br \/>\nVi, <strong>Lexter<\/strong> och <strong>Storytellers Heijbel &amp; Co<\/strong>, samarbetade med fastighets\u00e4garen <strong>Atrium Ljungberg AB<\/strong> som ville ladda platsen d\u00e4r Sickla k\u00f6pkvarter v\u00e4xer fram med v\u00e4l valda <em>place-branding-stories<\/em>.<\/p>\n","protected":false},"excerpt":{"rendered":"<p>M\u00e5nga v\u00e4ntar i olika k\u00f6pcentra n\u00e4r deras anh\u00f6riga \u00e4r inne och shoppar. D\u00e5 kan det vara sk\u00f6nt att sl\u00e5 sig ned och titta. Och kanske lyssna. I Nacka och Sickla k\u00f6pkvarter monterade vi storyduschar f\u00f6r n\u00e5gra \u00e5r sedan. Det handlar om speciella riktade h\u00f6gtalare ( likt en ficklampa i m\u00f6rkret ) som laddades med ber\u00e4ttelser&#8230;<\/p>\n","protected":false},"author":2,"featured_media":0,"comment_status":"open","ping_status":"closed","sticky":false,"template":"","format":"standard","meta":[],"categories":[4],"tags":[],"_links":{"self":[{"href":"https:\/\/storytellers.se\/index.php?rest_route=\/wp\/v2\/posts\/3216"}],"collection":[{"href":"https:\/\/storytellers.se\/index.php?rest_route=\/wp\/v2\/posts"}],"about":[{"href":"https:\/\/storytellers.se\/index.php?rest_route=\/wp\/v2\/types\/post"}],"author":[{"embeddable":true,"href":"https:\/\/storytellers.se\/index.php?rest_route=\/wp\/v2\/users\/2"}],"replies":[{"embeddable":true,"href":"https:\/\/storytellers.se\/index.php?rest_route=%2Fwp%2Fv2%2Fcomments&post=3216"}],"version-history":[{"count":0,"href":"https:\/\/storytellers.se\/index.php?rest_route=\/wp\/v2\/posts\/3216\/revisions"}],"wp:attachment":[{"href":"https:\/\/storytellers.se\/index.php?rest_route=%2Fwp%2Fv2%2Fmedia&parent=3216"}],"wp:term":[{"taxonomy":"category","embeddable":true,"href":"https:\/\/storytellers.se\/index.php?rest_route=%2Fwp%2Fv2%2Fcategories&post=3216"},{"taxonomy":"post_tag","embeddable":true,"href":"https:\/\/storytellers.se\/index.php?rest_route=%2Fwp%2Fv2%2Ftags&post=3216"}],"curies":[{"name":"wp","href":"https:\/\/api.w.org\/{rel}","templated":true}]}}