{"id":3210,"date":"2012-04-25T14:39:45","date_gmt":"2012-04-25T13:39:45","guid":{"rendered":"http:\/\/heijbel.wordpress.com\/2012\/04\/25\/eu-och-sverige"},"modified":"2012-04-25T14:39:45","modified_gmt":"2012-04-25T13:39:45","slug":"eu-och-sverige","status":"publish","type":"post","link":"https:\/\/storytellers.se\/?p=3210","title":{"rendered":"EU och Sverige"},"content":{"rendered":"<p>I g\u00e5r hade jag en heldag med inspirationsf\u00f6rel\u00e4sning, workshop, sk\u00f6rdefest och filmning p\u00e5 uppdrag av <strong>Tillv\u00e4xtverket<\/strong>. Vi h\u00f6ll till i <em>World Trade Center<\/em> i Stockholm. Myndigheten och en rad olika projekt fick m\u00f6jlighet att i anekdotisk ber\u00e4ttarform skildra m\u00e4nskliga m\u00f6ten som kommit tack vare deras verksamheter och kopplingar till EU-aktiviteter.<br \/>\nN\u00e4rmare 20 ber\u00e4ttelser kom fram och vi r\u00f6stade fram 5 favoriter som filmades i storyformat (filmad m\u00e4nniska ber\u00e4ttar utan manus). Dessutom ber\u00e4ttade andra deltagare med enklare teknik genom att &#8221;dra sin story&#8221; rakt in i sin <em>smartphone<\/em> f\u00f6r att senare blanda och dela ber\u00e4telser med varandra i n\u00e5got moln.<br \/>\nDet \u00e4r fascinerande att h\u00f6ra hur det kan l\u00e5ta n\u00e4r myndigheter och olika regionala projekt g\u00e5r <em>fr\u00e5n att rapportera och informera till att redovisa k\u00e4nslor om h\u00e4ndelser<\/em> som intr\u00e4ffar tack vare att de finns till.<\/p>\n","protected":false},"excerpt":{"rendered":"<p>I g\u00e5r hade jag en heldag med inspirationsf\u00f6rel\u00e4sning, workshop, sk\u00f6rdefest och filmning p\u00e5 uppdrag av Tillv\u00e4xtverket. Vi h\u00f6ll till i World Trade Center i Stockholm. Myndigheten och en rad olika projekt fick m\u00f6jlighet att i anekdotisk ber\u00e4ttarform skildra m\u00e4nskliga m\u00f6ten som kommit tack vare deras verksamheter och kopplingar till EU-aktiviteter. N\u00e4rmare 20 ber\u00e4ttelser kom fram&#8230;<\/p>\n","protected":false},"author":2,"featured_media":0,"comment_status":"open","ping_status":"closed","sticky":false,"template":"","format":"standard","meta":[],"categories":[2],"tags":[],"_links":{"self":[{"href":"https:\/\/storytellers.se\/index.php?rest_route=\/wp\/v2\/posts\/3210"}],"collection":[{"href":"https:\/\/storytellers.se\/index.php?rest_route=\/wp\/v2\/posts"}],"about":[{"href":"https:\/\/storytellers.se\/index.php?rest_route=\/wp\/v2\/types\/post"}],"author":[{"embeddable":true,"href":"https:\/\/storytellers.se\/index.php?rest_route=\/wp\/v2\/users\/2"}],"replies":[{"embeddable":true,"href":"https:\/\/storytellers.se\/index.php?rest_route=%2Fwp%2Fv2%2Fcomments&post=3210"}],"version-history":[{"count":0,"href":"https:\/\/storytellers.se\/index.php?rest_route=\/wp\/v2\/posts\/3210\/revisions"}],"wp:attachment":[{"href":"https:\/\/storytellers.se\/index.php?rest_route=%2Fwp%2Fv2%2Fmedia&parent=3210"}],"wp:term":[{"taxonomy":"category","embeddable":true,"href":"https:\/\/storytellers.se\/index.php?rest_route=%2Fwp%2Fv2%2Fcategories&post=3210"},{"taxonomy":"post_tag","embeddable":true,"href":"https:\/\/storytellers.se\/index.php?rest_route=%2Fwp%2Fv2%2Ftags&post=3210"}],"curies":[{"name":"wp","href":"https:\/\/api.w.org\/{rel}","templated":true}]}}