{"id":3208,"date":"2012-04-19T11:07:42","date_gmt":"2012-04-19T10:07:42","guid":{"rendered":"http:\/\/heijbel.wordpress.com\/2012\/04\/19\/upprepa-inte-beratta-och-befolka"},"modified":"2012-04-19T11:07:42","modified_gmt":"2012-04-19T10:07:42","slug":"upprepa-inte-beratta-och-befolka","status":"publish","type":"post","link":"https:\/\/storytellers.se\/?p=3208","title":{"rendered":"Upprepa inte &#8211; ber\u00e4tta och befolka!"},"content":{"rendered":"<p>N\u00e4r jag tr\u00e4ffar ett f\u00f6retag eller en organisation s\u00e5 har jag alltid l\u00e4st p\u00e5 och googlat dem. Jag vet allts\u00e5 en hel del redan n\u00e4r jag kommer. D\u00e4rf\u00f6r blir jag l\u00e4tt besviken n\u00e4r de b\u00f6rjar ber\u00e4tta allt detta som redan st\u00e5r p\u00e5 webb och i olika trycksaker. Sl\u00f6seri med tid och med kommunikationsm\u00f6jligheter. Ungef\u00e4r lika tokigt som att ha h\u00f6gl\u00e4sning ur en power point-presentation.<br \/>\nF\u00f6rbered ist\u00e4llet n\u00e5got som inte finns att l\u00e4sa i researchen. Jag vill ha n\u00e5got ytterligare. Vi \u00e4r ju m\u00e4nniskor som konverserar i ett m\u00e4nskligt m\u00f6te och en bra story kan i det l\u00e4get addera emotionella v\u00e4rden kopplade till verksamheten.<br \/>\nFakta kan man l\u00e4tt r\u00f6ra ihop eller gl\u00f6mma. Hur m\u00e5nga nollor var det? Vilka prestanda var det? V\u00e5r hj\u00e4rna \u00e4r d\u00e4remot designad att ta emot och lagra ber\u00e4ttelser. Det l\u00e4r till och med g\u00e5 att m\u00e4ta med modern hj\u00e4rnr\u00f6ntgenteknik.<br \/>\nS\u00e5 ska det vara s\u00e5 sv\u00e5rt att f\u00f6rst\u00e5? Reflektera och ber\u00e4tta. S\u00e4tt en scen, f\u00f6r in m\u00e4nniskor och l\u00e5t n\u00e5got h\u00e4nda som visat att det finns ett f\u00f6re och ett efter i ber\u00e4ttelsen. Det \u00e4r Storytelling och det fungerar ocks\u00e5 i och kring f\u00f6retag, organisationer (organisation = m\u00e4nniskor) och deras varor och tj\u00e4nster.<\/p>\n","protected":false},"excerpt":{"rendered":"<p>N\u00e4r jag tr\u00e4ffar ett f\u00f6retag eller en organisation s\u00e5 har jag alltid l\u00e4st p\u00e5 och googlat dem. Jag vet allts\u00e5 en hel del redan n\u00e4r jag kommer. D\u00e4rf\u00f6r blir jag l\u00e4tt besviken n\u00e4r de b\u00f6rjar ber\u00e4tta allt detta som redan st\u00e5r p\u00e5 webb och i olika trycksaker. Sl\u00f6seri med tid och med kommunikationsm\u00f6jligheter. Ungef\u00e4r lika&#8230;<\/p>\n","protected":false},"author":2,"featured_media":0,"comment_status":"open","ping_status":"closed","sticky":false,"template":"","format":"standard","meta":[],"categories":[2],"tags":[],"_links":{"self":[{"href":"https:\/\/storytellers.se\/index.php?rest_route=\/wp\/v2\/posts\/3208"}],"collection":[{"href":"https:\/\/storytellers.se\/index.php?rest_route=\/wp\/v2\/posts"}],"about":[{"href":"https:\/\/storytellers.se\/index.php?rest_route=\/wp\/v2\/types\/post"}],"author":[{"embeddable":true,"href":"https:\/\/storytellers.se\/index.php?rest_route=\/wp\/v2\/users\/2"}],"replies":[{"embeddable":true,"href":"https:\/\/storytellers.se\/index.php?rest_route=%2Fwp%2Fv2%2Fcomments&post=3208"}],"version-history":[{"count":0,"href":"https:\/\/storytellers.se\/index.php?rest_route=\/wp\/v2\/posts\/3208\/revisions"}],"wp:attachment":[{"href":"https:\/\/storytellers.se\/index.php?rest_route=%2Fwp%2Fv2%2Fmedia&parent=3208"}],"wp:term":[{"taxonomy":"category","embeddable":true,"href":"https:\/\/storytellers.se\/index.php?rest_route=%2Fwp%2Fv2%2Fcategories&post=3208"},{"taxonomy":"post_tag","embeddable":true,"href":"https:\/\/storytellers.se\/index.php?rest_route=%2Fwp%2Fv2%2Ftags&post=3208"}],"curies":[{"name":"wp","href":"https:\/\/api.w.org\/{rel}","templated":true}]}}