{"id":3206,"date":"2012-04-19T09:45:23","date_gmt":"2012-04-19T08:45:23","guid":{"rendered":"http:\/\/heijbel.wordpress.com\/2012\/04\/19\/latta-pa-trycket"},"modified":"2012-04-19T09:45:23","modified_gmt":"2012-04-19T08:45:23","slug":"latta-pa-trycket","status":"publish","type":"post","link":"https:\/\/storytellers.se\/?p=3206","title":{"rendered":"L\u00e4tta p\u00e5 trycket"},"content":{"rendered":"<p>I amerikansk Corporate Storytelling-litteratur har jag st\u00f6tt p\u00e5 begreppet <em>&#8221;Let the steam&#8221;<\/em>, allts\u00e5 behovet av att l\u00e4tta p\u00e5 trycket. I en s\u00e4ljorganisation eller i en kundservicefunktion kan det handla om att n\u00e5gon g\u00e5ng f\u00e5 kr\u00e4kas \u00f6ver all <em>j-a idioter<\/em> man tvingas hantera. Jag minns att <strong>Mona Sahlin<\/strong> och <strong>Margot Wallstr\u00f6m<\/strong> saknade att f\u00e5 &#8221;kr\u00e4kas tillsammans&#8221; med Anna efter mordet p\u00e5 <strong>Anna Lindh<\/strong>.<br \/>\nOm man tror att detta \u00e4r viktigt och tycker att det \u00e4r legitimt kan det d\u00e4rf\u00f6r vara ett bra s\u00e4tt att ber\u00e4tta om s\u00e5dana tillf\u00e4llen.<br \/>\nJag tr\u00e4ffade en arkitekt som jobbar f\u00f6r ett st\u00f6rre f\u00f6retag. Han ber\u00e4ttade att&#8230;<\/p>\n<p><!--more--><br \/>\n&#8230;han i samband med en rad omorganisationer, sammanslagningar, finanskriser med mera f\u00f6r n\u00e5gra \u00e5r sedan \u00e5kte ut med sina n\u00e4rmaste till en kursg\u00e5rd. Det var kaos i f\u00f6retaget d\u00e4r han jobbade d\u00e5.<br \/>\nP\u00e5 kursg\u00e5rden gjorde de en analys av l\u00e4get och om vilka hot och m\u00f6jligheter som l\u00e5g frmf\u00f6r dem.<br \/>\nPl\u00f6tsligt brast det f\u00f6r mannan och han b\u00f6rjade hejdl\u00f6st gr\u00e5ta.<br \/>\nKollegorna undrade hur det var fatt och klappade om honom. Ta och vila upp dig var deras r\u00e5d.<br \/>\nMannen \u00e5kte hem, drog p\u00e5 sig tr\u00e4ningskl\u00e4derna och gav sig ut p\u00e5 en tv\u00e5milsrunda i skogen. N\u00e4r han kom hem t\u00e4nde han doftljus i badrummet och tog ett l\u00e5ngt hett bad innan han kr\u00f6p ned mellan nymanglade lakan och sov i 14 timmar.<br \/>\nSen var han redo att g\u00e5 vidare, den g\u00e5ngen. Genom att bjuda p\u00e5 ber\u00e4ttelsen och involvera den i organisationens folklore visar mannen ocks\u00e5 att det \u00e4r okej att visa k\u00e4nslor och att han f\u00f6rst\u00e5r vikten av att l\u00e4tta p\u00e5 trycket. S\u00e5:<br \/>\n<em>Let the steam!<\/em><\/p>\n","protected":false},"excerpt":{"rendered":"<p>I amerikansk Corporate Storytelling-litteratur har jag st\u00f6tt p\u00e5 begreppet &#8221;Let the steam&#8221;, allts\u00e5 behovet av att l\u00e4tta p\u00e5 trycket. I en s\u00e4ljorganisation eller i en kundservicefunktion kan det handla om att n\u00e5gon g\u00e5ng f\u00e5 kr\u00e4kas \u00f6ver all j-a idioter man tvingas hantera. Jag minns att Mona Sahlin och Margot Wallstr\u00f6m saknade att f\u00e5 &#8221;kr\u00e4kas tillsammans&#8221;&#8230;<\/p>\n","protected":false},"author":2,"featured_media":0,"comment_status":"open","ping_status":"closed","sticky":false,"template":"","format":"standard","meta":[],"categories":[2],"tags":[],"_links":{"self":[{"href":"https:\/\/storytellers.se\/index.php?rest_route=\/wp\/v2\/posts\/3206"}],"collection":[{"href":"https:\/\/storytellers.se\/index.php?rest_route=\/wp\/v2\/posts"}],"about":[{"href":"https:\/\/storytellers.se\/index.php?rest_route=\/wp\/v2\/types\/post"}],"author":[{"embeddable":true,"href":"https:\/\/storytellers.se\/index.php?rest_route=\/wp\/v2\/users\/2"}],"replies":[{"embeddable":true,"href":"https:\/\/storytellers.se\/index.php?rest_route=%2Fwp%2Fv2%2Fcomments&post=3206"}],"version-history":[{"count":0,"href":"https:\/\/storytellers.se\/index.php?rest_route=\/wp\/v2\/posts\/3206\/revisions"}],"wp:attachment":[{"href":"https:\/\/storytellers.se\/index.php?rest_route=%2Fwp%2Fv2%2Fmedia&parent=3206"}],"wp:term":[{"taxonomy":"category","embeddable":true,"href":"https:\/\/storytellers.se\/index.php?rest_route=%2Fwp%2Fv2%2Fcategories&post=3206"},{"taxonomy":"post_tag","embeddable":true,"href":"https:\/\/storytellers.se\/index.php?rest_route=%2Fwp%2Fv2%2Ftags&post=3206"}],"curies":[{"name":"wp","href":"https:\/\/api.w.org\/{rel}","templated":true}]}}