{"id":3202,"date":"2012-04-16T15:42:18","date_gmt":"2012-04-16T14:42:18","guid":{"rendered":"http:\/\/heijbel.wordpress.com\/2012\/04\/16\/platser-kvar-i-malmo-och-stockholm"},"modified":"2012-04-16T15:42:18","modified_gmt":"2012-04-16T14:42:18","slug":"platser-kvar-i-malmo-och-stockholm","status":"publish","type":"post","link":"https:\/\/storytellers.se\/?p=3202","title":{"rendered":"Platser kvar i Malm\u00f6 och Stockholm"},"content":{"rendered":"<p>Det finns fortfarande platser kvar till mina \u00f6ppna och kostnadsfria f\u00f6rel\u00e4sningar i<strong> Malm\u00f6<\/strong> den 4 maj och i <strong>Stockholm<\/strong> den 8 maj. Malm\u00f6f\u00f6rel\u00e4sningen h\u00e5ller jag i samarbete med <em>ID Kommunikation<\/em> p\u00e5 morgonen den 4 maj. Stockholmsf\u00f6rel\u00e4sningen \u00e4r efter lunch den 8 maj p\u00e5 S\u00f6der i Stockholm i mitt eget konferensrum. Skriv till <a href=\"mailto:matts@storytellers.se\">matts@storytellers.se<\/a> om du vill vara med s\u00e5 \u00e5terkommer jag om detaljerna.<\/p>\n","protected":false},"excerpt":{"rendered":"<p>Det finns fortfarande platser kvar till mina \u00f6ppna och kostnadsfria f\u00f6rel\u00e4sningar i Malm\u00f6 den 4 maj och i Stockholm den 8 maj. Malm\u00f6f\u00f6rel\u00e4sningen h\u00e5ller jag i samarbete med ID Kommunikation p\u00e5 morgonen den 4 maj. Stockholmsf\u00f6rel\u00e4sningen \u00e4r efter lunch den 8 maj p\u00e5 S\u00f6der i Stockholm i mitt eget konferensrum. Skriv till matts@storytellers.se om du&#8230;<\/p>\n","protected":false},"author":2,"featured_media":0,"comment_status":"open","ping_status":"closed","sticky":false,"template":"","format":"standard","meta":[],"categories":[9],"tags":[],"_links":{"self":[{"href":"https:\/\/storytellers.se\/index.php?rest_route=\/wp\/v2\/posts\/3202"}],"collection":[{"href":"https:\/\/storytellers.se\/index.php?rest_route=\/wp\/v2\/posts"}],"about":[{"href":"https:\/\/storytellers.se\/index.php?rest_route=\/wp\/v2\/types\/post"}],"author":[{"embeddable":true,"href":"https:\/\/storytellers.se\/index.php?rest_route=\/wp\/v2\/users\/2"}],"replies":[{"embeddable":true,"href":"https:\/\/storytellers.se\/index.php?rest_route=%2Fwp%2Fv2%2Fcomments&post=3202"}],"version-history":[{"count":0,"href":"https:\/\/storytellers.se\/index.php?rest_route=\/wp\/v2\/posts\/3202\/revisions"}],"wp:attachment":[{"href":"https:\/\/storytellers.se\/index.php?rest_route=%2Fwp%2Fv2%2Fmedia&parent=3202"}],"wp:term":[{"taxonomy":"category","embeddable":true,"href":"https:\/\/storytellers.se\/index.php?rest_route=%2Fwp%2Fv2%2Fcategories&post=3202"},{"taxonomy":"post_tag","embeddable":true,"href":"https:\/\/storytellers.se\/index.php?rest_route=%2Fwp%2Fv2%2Ftags&post=3202"}],"curies":[{"name":"wp","href":"https:\/\/api.w.org\/{rel}","templated":true}]}}