{"id":3200,"date":"2012-04-16T15:29:45","date_gmt":"2012-04-16T14:29:45","guid":{"rendered":"http:\/\/heijbel.wordpress.com\/2012\/04\/16\/addera-det-emotionella"},"modified":"2012-04-16T15:29:45","modified_gmt":"2012-04-16T14:29:45","slug":"addera-det-emotionella","status":"publish","type":"post","link":"https:\/\/storytellers.se\/?p=3200","title":{"rendered":"Addera det emotionella"},"content":{"rendered":"<p>Har man verkligen tid att h\u00e5lla p\u00e5 med ber\u00e4ttelser i aff\u00e4rsv\u00e4rlden? Svaret p\u00e5 den fr\u00e5gan kan g\u00e4rna v\u00e4ndas. Har vi tid att inte ber\u00e4tta?<br \/>\nVi kommer inte ih\u00e5g siffror, diagram och ekvationer. Men vi kommer ih\u00e5g ber\u00e4ttelser som till exempel v\u00e5r sagoskatt. Varf\u00f6r d\u00e5?<br \/>\nJo vi \u00e4r konstruerade s\u00e5 sen tusentals \u00e5r. Det \u00e4r s\u00e5 vi traderat v\u00e5ra v\u00e4rderingar och v\u00e5r kunskap kring v\u00e5rt v\u00e4rv i livet.<br \/>\nFaktuellt kan vi p\u00e5 m\u00f6ten och f\u00f6rel\u00e4sningar power-pointa oss fram genom h\u00f6gl\u00e4sning av diagram, kartor och siffror. Visuellt kan vi l\u00e5ta myntstaplar eller andra symbolbilder illustrera meningen med v\u00e5r verksamhet.<br \/>\nEmotionellt kan vi ber\u00e4tta om verkliga befolkade h\u00e4ndelser med tydlig dramaturgisk po\u00e4ng som visar varf\u00f6r f\u00f6retaget finns och nyttan med det. En s\u00e5dan ber\u00e4ttelse kan sitta kvar hos den som h\u00f6r den f\u00f6r resten av livet. Det \u00e4r det som \u00e4r vitsen med att addera emotionell kommunikation till den faktuella och visuella.<br \/>\nDet h\u00e4nder ofta n\u00e4r jag tr\u00e4ffar m\u00e4nniskor som h\u00f6rt mig f\u00f6rel\u00e4sa ( genom att ber\u00e4tta verkliga corporate stories ) att de, m\u00e5nga \u00e5r senare, fortfarande minns den om SSAB eller SCA eller varf\u00f6r inte en om Flens kommun.<\/p>\n","protected":false},"excerpt":{"rendered":"<p>Har man verkligen tid att h\u00e5lla p\u00e5 med ber\u00e4ttelser i aff\u00e4rsv\u00e4rlden? Svaret p\u00e5 den fr\u00e5gan kan g\u00e4rna v\u00e4ndas. Har vi tid att inte ber\u00e4tta? Vi kommer inte ih\u00e5g siffror, diagram och ekvationer. Men vi kommer ih\u00e5g ber\u00e4ttelser som till exempel v\u00e5r sagoskatt. Varf\u00f6r d\u00e5? Jo vi \u00e4r konstruerade s\u00e5 sen tusentals \u00e5r. Det \u00e4r s\u00e5&#8230;<\/p>\n","protected":false},"author":2,"featured_media":0,"comment_status":"open","ping_status":"closed","sticky":false,"template":"","format":"standard","meta":[],"categories":[2],"tags":[],"_links":{"self":[{"href":"https:\/\/storytellers.se\/index.php?rest_route=\/wp\/v2\/posts\/3200"}],"collection":[{"href":"https:\/\/storytellers.se\/index.php?rest_route=\/wp\/v2\/posts"}],"about":[{"href":"https:\/\/storytellers.se\/index.php?rest_route=\/wp\/v2\/types\/post"}],"author":[{"embeddable":true,"href":"https:\/\/storytellers.se\/index.php?rest_route=\/wp\/v2\/users\/2"}],"replies":[{"embeddable":true,"href":"https:\/\/storytellers.se\/index.php?rest_route=%2Fwp%2Fv2%2Fcomments&post=3200"}],"version-history":[{"count":0,"href":"https:\/\/storytellers.se\/index.php?rest_route=\/wp\/v2\/posts\/3200\/revisions"}],"wp:attachment":[{"href":"https:\/\/storytellers.se\/index.php?rest_route=%2Fwp%2Fv2%2Fmedia&parent=3200"}],"wp:term":[{"taxonomy":"category","embeddable":true,"href":"https:\/\/storytellers.se\/index.php?rest_route=%2Fwp%2Fv2%2Fcategories&post=3200"},{"taxonomy":"post_tag","embeddable":true,"href":"https:\/\/storytellers.se\/index.php?rest_route=%2Fwp%2Fv2%2Ftags&post=3200"}],"curies":[{"name":"wp","href":"https:\/\/api.w.org\/{rel}","templated":true}]}}