{"id":3198,"date":"2012-04-16T12:34:54","date_gmt":"2012-04-16T11:34:54","guid":{"rendered":"http:\/\/heijbel.wordpress.com\/2012\/04\/16\/dilemmaberattelser-2"},"modified":"2012-04-16T12:34:54","modified_gmt":"2012-04-16T11:34:54","slug":"dilemmaberattelser-2","status":"publish","type":"post","link":"https:\/\/storytellers.se\/?p=3198","title":{"rendered":"Dilemmaber\u00e4ttelser"},"content":{"rendered":"<p>En po\u00e4ng med <em>Storytelling i och om organisationer<\/em> \u00e4r att man med hj\u00e4lp av en ber\u00e4ttelse som visar en h\u00e4ndelse kan f\u00e5 klart f\u00f6r sig vad det egentligen \u00e4r man diskuterar. Jag brukar exempelvis tala om <em>dilemmaber\u00e4ttelserna <\/em>d\u00e4r n\u00e5got h\u00e4nder som visar tv\u00e5 kolliderande syns\u00e4tt. Det kan exempelvis vara i f\u00f6r\u00e4ndringsprocesser d\u00e4r det finns ett f\u00f6rr och ett nu i hur vi f\u00f6rv\u00e4ntas f\u00f6rh\u00e5lla oss till detta.<br \/>\nEn s\u00e5dan minns jag fr\u00e5n n\u00e4r jag f\u00f6r en hel del \u00e5r sedan jobbade med d\u00e5varande <em>V\u00e4gverket <\/em>( nuv Trafikverket ). Det var i samband med&#8230;.<\/p>\n<p><!--more--><br \/>\natt nollvisionen introducerades som begrepp. Verksledningen betonade att visionen skulle vara noll d\u00f6da och att detta var ett ansvar som skulle g\u00e4lla som en ledstj\u00e4rna f\u00f6r alla medarbetare.<br \/>\nN\u00e4r n\u00e5gra <em>v\u00e4gverkare<\/em> skulle m\u00e5la upp en rustad v\u00e4gstr\u00e4cka  i Dalarna s\u00e5 \u00e5kte de med sin gula bil med l\u00e5ng spruta i f\u00f6ren f\u00f6r att m\u00e5la mittstrecken. D\u00e5 kom de till en kurva d\u00e4r \u00e5rligen m\u00e4nniskor skadades och omkom p\u00e5 grund av tokiga m\u00f6tesolyckor.<br \/>\nV\u00e4gverkarna best\u00e4mde sig d\u00e5 f\u00f6r att &#8211; olydigt &#8211; dra heldragen linje i kurvan eftersom de var \u00f6vertygade att det skulle r\u00e4dda liv. De hade visserligen inte f\u00e5tt det uppdraget men r\u00e4ddade det ett enda liv s\u00e5 var det helt i nollvisionens anda, menade de.<br \/>\nN\u00e4r juristerna p\u00e5 V\u00e4gverket fick h\u00f6ra att m\u00e4nnen hade dragit heldragen linje helt emot paragraferna gick de i taket. En diskussion d\u00f6k upp och den handlade egentligen om nollvisionen och hur man skulle f\u00f6rh\u00e5lla sig till den.<br \/>\nDetta \u00e4r ett exempel fr\u00e5n verkligheten d\u00e4r man kan f\u00f6ra en v\u00e4rderingsdiskussion utifr\u00e5n en verklig h\u00e4ndelse. En dilemmaber\u00e4ttelse.<\/p>\n","protected":false},"excerpt":{"rendered":"<p>En po\u00e4ng med Storytelling i och om organisationer \u00e4r att man med hj\u00e4lp av en ber\u00e4ttelse som visar en h\u00e4ndelse kan f\u00e5 klart f\u00f6r sig vad det egentligen \u00e4r man diskuterar. Jag brukar exempelvis tala om dilemmaber\u00e4ttelserna d\u00e4r n\u00e5got h\u00e4nder som visar tv\u00e5 kolliderande syns\u00e4tt. Det kan exempelvis vara i f\u00f6r\u00e4ndringsprocesser d\u00e4r det finns ett&#8230;<\/p>\n","protected":false},"author":2,"featured_media":0,"comment_status":"open","ping_status":"closed","sticky":false,"template":"","format":"standard","meta":[],"categories":[2],"tags":[],"_links":{"self":[{"href":"https:\/\/storytellers.se\/index.php?rest_route=\/wp\/v2\/posts\/3198"}],"collection":[{"href":"https:\/\/storytellers.se\/index.php?rest_route=\/wp\/v2\/posts"}],"about":[{"href":"https:\/\/storytellers.se\/index.php?rest_route=\/wp\/v2\/types\/post"}],"author":[{"embeddable":true,"href":"https:\/\/storytellers.se\/index.php?rest_route=\/wp\/v2\/users\/2"}],"replies":[{"embeddable":true,"href":"https:\/\/storytellers.se\/index.php?rest_route=%2Fwp%2Fv2%2Fcomments&post=3198"}],"version-history":[{"count":0,"href":"https:\/\/storytellers.se\/index.php?rest_route=\/wp\/v2\/posts\/3198\/revisions"}],"wp:attachment":[{"href":"https:\/\/storytellers.se\/index.php?rest_route=%2Fwp%2Fv2%2Fmedia&parent=3198"}],"wp:term":[{"taxonomy":"category","embeddable":true,"href":"https:\/\/storytellers.se\/index.php?rest_route=%2Fwp%2Fv2%2Fcategories&post=3198"},{"taxonomy":"post_tag","embeddable":true,"href":"https:\/\/storytellers.se\/index.php?rest_route=%2Fwp%2Fv2%2Ftags&post=3198"}],"curies":[{"name":"wp","href":"https:\/\/api.w.org\/{rel}","templated":true}]}}