{"id":3196,"date":"2012-04-12T12:07:06","date_gmt":"2012-04-12T11:07:06","guid":{"rendered":"http:\/\/heijbel.wordpress.com\/2012\/04\/12\/begreppet-ar-inte-stulet"},"modified":"2012-04-12T12:07:06","modified_gmt":"2012-04-12T11:07:06","slug":"begreppet-ar-inte-stulet","status":"publish","type":"post","link":"https:\/\/storytellers.se\/?p=3196","title":{"rendered":"Begreppet \u00e4r inte stulet"},"content":{"rendered":"<p>Den erk\u00e4nda och skickliga kulturjournalisten <strong>Annina Rabe<\/strong> k\u00f6r verkligen i diket i sin Svenska-Dagbladet-kr\u00f6nika f\u00f6r n\u00e5gra dagar sen. L\u00e4mna tillbaka begreppet, ropar hon d\u00e4r fr\u00e5n diket och menar att vi som h\u00e5ller p\u00e5 med ber\u00e4ttelser <em>i och om f\u00f6retag och organisationer<\/em> har kidnappat ett av de viktigaste orden m\u00e4nniskan har &#8211; ber\u00e4ttelsen. Jag blir s\u00e5 tr\u00f6tt. M\u00e4nniskan finns n\u00e4mligen inte utan ber\u00e4ttelser. Det g\u00e5r inte att stj\u00e4la ber\u00e4ttelsen. Hon retar upp sig p\u00e5 att&#8230;<\/p>\n<p><!--more--><br \/>\nman vill anv\u00e4nda ber\u00e4ttelser f\u00f6r att p\u00e5verka kunder. So what?<br \/>\nOrdet kund, som kommer fr\u00e5n l\u00e5gtyskans <em>kunde<\/em> betyder ungef\u00e4r den du k\u00e4nner. Det \u00e4r klart vi ska p\u00e5verka dem vi k\u00e4nner. Lyssna, t\u00e4nka och ber\u00e4tta. P\u00e5verka.<br \/>\nHon ondg\u00f6r sig \u00f6ver att man vill st\u00e4rka varum\u00e4rken. Det \u00e4r klart man vill. Sitt eget personliga ( vilket hon g\u00e5r i kr\u00f6nikan ) och sin flocks eller sitt f\u00f6retags. Hon n\u00e4mner Ikea och Ishotellet som ber\u00e4ttande organisationer. Javisst. Vad visste vi om dem om de inte ber\u00e4ttade?<br \/>\nIngenting \u00e4r stulet. Livet har inte upph\u00f6rt. Vi tillh\u00f6r alla olika flockar och triber och det \u00e4r klart att vi ber\u00e4ttar f\u00f6r att f\u00f6rst\u00e5 vad vi h\u00e5ller p\u00e5 med och f\u00f6r att g\u00f6ra oss synliga vid v\u00e5ra l\u00e4gereldar s\u00e5 som m\u00e4nniskan alltid har gjort. Vare sig de finns vid \u00e4lven, vid kaffeapparaten eller i den sociala webben.<br \/>\nFacebook best\u00e5r helt enkelt av miljontals l\u00e4gereldar d\u00e4r m\u00e4nniskor ber\u00e4ttar och odlar varum\u00e4rken kring sig sj\u00e4lva och sina organisationer.<br \/>\nVad jag skulle vara intresserad av, n\u00e4r Annina och andra kravlat sig upp ur dikena, \u00e4r att f\u00e5 ig\u00e5ng en kulturdiskussion som inbegriper dagens vardag. P\u00e5 samma s\u00e4tt som kulturspeglare alltid tittat p\u00e5 sin samtid och ber\u00e4ttat om den i bokform eller muntligt. M\u00e5nga har gjort konst om det de hittat i sin samtid.<br \/>\nForts\u00e4tt med det p\u00e5 kultursidorna ocks\u00e5. Intressera er f\u00f6r Corporate Storytelling utan att k\u00f6ra i diket.<br \/>\n<a href=\"http:\/\/www.svd.se\/kultur\/vem-stal-var-berattelse_6984283.svd\"><em><strong>H\u00e4r<\/strong><\/em><\/a> \u00e4r kr\u00f6nikan hon skrev.<\/p>\n","protected":false},"excerpt":{"rendered":"<p>Den erk\u00e4nda och skickliga kulturjournalisten Annina Rabe k\u00f6r verkligen i diket i sin Svenska-Dagbladet-kr\u00f6nika f\u00f6r n\u00e5gra dagar sen. L\u00e4mna tillbaka begreppet, ropar hon d\u00e4r fr\u00e5n diket och menar att vi som h\u00e5ller p\u00e5 med ber\u00e4ttelser i och om f\u00f6retag och organisationer har kidnappat ett av de viktigaste orden m\u00e4nniskan har &#8211; ber\u00e4ttelsen. Jag blir s\u00e5&#8230;<\/p>\n","protected":false},"author":2,"featured_media":0,"comment_status":"open","ping_status":"closed","sticky":false,"template":"","format":"standard","meta":[],"categories":[2],"tags":[],"_links":{"self":[{"href":"https:\/\/storytellers.se\/index.php?rest_route=\/wp\/v2\/posts\/3196"}],"collection":[{"href":"https:\/\/storytellers.se\/index.php?rest_route=\/wp\/v2\/posts"}],"about":[{"href":"https:\/\/storytellers.se\/index.php?rest_route=\/wp\/v2\/types\/post"}],"author":[{"embeddable":true,"href":"https:\/\/storytellers.se\/index.php?rest_route=\/wp\/v2\/users\/2"}],"replies":[{"embeddable":true,"href":"https:\/\/storytellers.se\/index.php?rest_route=%2Fwp%2Fv2%2Fcomments&post=3196"}],"version-history":[{"count":0,"href":"https:\/\/storytellers.se\/index.php?rest_route=\/wp\/v2\/posts\/3196\/revisions"}],"wp:attachment":[{"href":"https:\/\/storytellers.se\/index.php?rest_route=%2Fwp%2Fv2%2Fmedia&parent=3196"}],"wp:term":[{"taxonomy":"category","embeddable":true,"href":"https:\/\/storytellers.se\/index.php?rest_route=%2Fwp%2Fv2%2Fcategories&post=3196"},{"taxonomy":"post_tag","embeddable":true,"href":"https:\/\/storytellers.se\/index.php?rest_route=%2Fwp%2Fv2%2Ftags&post=3196"}],"curies":[{"name":"wp","href":"https:\/\/api.w.org\/{rel}","templated":true}]}}