{"id":3190,"date":"2012-04-02T18:26:29","date_gmt":"2012-04-02T17:26:29","guid":{"rendered":"http:\/\/heijbel.wordpress.com\/2012\/04\/02\/nyhetsbrev-70-malmo-och-stockholm"},"modified":"2012-04-02T18:26:29","modified_gmt":"2012-04-02T17:26:29","slug":"nyhetsbrev-70-malmo-och-stockholm","status":"publish","type":"post","link":"https:\/\/storytellers.se\/?p=3190","title":{"rendered":"Nyhetsbrev 70: Malm\u00f6 och Stockholm"},"content":{"rendered":"<p>I dag har jag skickat det 70e nyhetsbrevet till, i dag, n\u00e4rmare 4000 prenumeranter. Det g\u00e5r att l\u00e4sa via l\u00e4nken h\u00e4r under, och \u00e4r f\u00f6rst\u00e5s kostnadsfritt. Du kan anm\u00e4la dig som  l\u00e4sare via denna l\u00e4nk <a href=\"mailto:matts@storytellers.se\">matts@storytellers.se<\/a><\/p>\n<p><!--more--><br \/>\nNyhetsbrev 70<br \/>\nHej Storytellerv\u00e4n<br \/>\n\u00c4r man intresserad av tankarna som jag v\u00e4nder p\u00e5 hela tiden s\u00e5 kan man kanske h\u00e5lla med filosofen som sa att universum \u00e4r byggt av ber\u00e4ttelser &#8211; inte av atomer. Och n\u00e5gonstans d\u00e4r mellan den vetenskapliga hj\u00e4rnan och det bultande hj\u00e4rtat ligger f\u00f6rst\u00e5s ber\u00e4ttelsen om v\u00e5ra f\u00f6retag och organisationer.<br \/>\nJag t\u00e4nkte p\u00e5 det n\u00e4r jag deltag i Stockholmsvarianten ev den internationella <em>V\u00e4rldsber\u00e4ttardagen<\/em> p\u00e5 v\u00e5rdagj\u00e4mningen. Mitt bland alla gudasagor och myter str\u00f6dde jag pl\u00f6tsligt en story fr\u00e5n <em>Malm\u00f6s hemtj\u00e4nst<\/em>. Jag var faktiskt lite nerv\u00f6s inf\u00f6r publiken men det l\u00f6ste sig n\u00e4r katten (jag) v\u00e4l kom in bland hermelinerna.<br \/>\nDagens ber\u00e4ttelser \u00e4r ju helt enkelt framtidens folklore, Det \u00e4r det som driver mig. Historien har inte upph\u00f6rt. Vi lever h\u00e4r och i dag och ber\u00e4ttar oss in i framtiden och kanske h\u00e5ller vi d\u00e4rf\u00f6r med om att universum faktiskt byggs lika mycket av ber\u00e4ttelser som av atomer.<br \/>\n+++++++++++++++++++++++++++++++++++++++++++++++++<br \/>\nDen 4 maj h\u00e5ller jag en \u00f6ppen kostnadsfri f\u00f6rel\u00e4sning mitt i Malm\u00f6 i samarbete med <a href=\"http:\/\/www.idkommunikation.com\"><em><strong>ID Kommunikation<\/strong><\/em><\/a>. Vi inleder med fika fr\u00e5n 08.00 sen k\u00f6r jag 08.30 &#8211; 10.00 och om n\u00e5gon vill diskutera s\u00e5 kan vi g\u00f6ra det inom den tiden eller efter\u00e5t. Jag har varit mycket i Malm\u00f6 genom \u00e5ren och jag gillar det Malm\u00f6 som ber\u00e4ttar sig in i framtiden. Anm\u00e4l dig till <a href=\"mailto:matts@storytellers.se\">matts@storytellers.se<\/a> om du vill komma den 4 maj.<br \/>\nJag ska ocks\u00e5 h\u00e5lla ett kostnadsfritt eftermiddagsseminarium i Stockholm den 8 maj klockan 13.30 &#8211; 15.00 p\u00e5 S\u00f6der. Anm\u00e4l dig till Malm\u00f6- eller Stockholmsseminariet p\u00e5 adress <a href=\"mailto:matts@storytellers.se\">matts@storytellers.se<\/a> s\u00e5 \u00e5terkommer jag med detaljer.<br \/>\n+++++++++++++++++++++++++++++++++++++++++++++++++<br \/>\nJag har haft en del diskussioner med och uppdrag f\u00f6r <em>Volvo Lastvagnar <\/em>&#8211; som det brukat heta &#8211; genom \u00e5ren. Nu s\u00e4ger man <em>Volvo Group<\/em>. D\u00e5 slog mig fr\u00e5gan kan man \u00e4lska en v\u00e4xell\u00e5da? Och i s\u00e5 fall kan man tala om den p\u00e5 ett annat s\u00e4tt \u00e4n som en maskin, en apparat? D\u00e5 ber\u00e4ttade en brasiliansk Volvokvinna fr\u00e5n Volvofabrikerna i Brasilien ungef\u00e4r s\u00e5 h\u00e4r:<br \/>\n<em>N\u00e4r hon, den brasilianska Volvokvinnan, var p\u00e5 semester ute vid str\u00e4nderna i Sao Paulo fascinerades hon \u00f6ver den otroligt expansiva brasilianska ekonomin. \u00d6verallt byggs det ju. J\u00e4rnv\u00e4gar, bost\u00e4der, v\u00e4gar och industriomr\u00e5den reser sig ur den brasilianska myllan.<br \/>\nFr\u00e5n sin solstol p\u00e5 stranden s\u00e5g hon en Volvolastbil i arbete vid ett av byggena ovanf\u00f6r stranden. Hon k\u00e4nde stolthet, svepte sin handduk kring kroppen och gick upp mot bilen.<br \/>\n\u2013 Hej, sa hon till chauff\u00f6ren. Jag jobbar p\u00e5 Volvo och kunde inte l\u00e5ta bli att g\u00e5 fram och h\u00f6ra hur du trivs med din arbetsmilj\u00f6 och din lastbil?<br \/>\n\u2013 Jag \u00e4lskar den, de svarade chauff\u00f6ren.<br \/>\nChauff\u00f6ren var en vacker latinanmerikanska. Hennes naglar var l\u00e5nga och r\u00f6da och elegant vred hon ned sambarytmerna i kup\u00e9n. Luftkonditioneringen spred svalka.<br \/>\n\u2013 N\u00e4r bilen st\u00e5r i en backe, hj\u00e4lper mig v\u00e4xell\u00e5dan, sa hon. N\u00e4r den glider i modden ordnar v\u00e4xell\u00e5dan det hela. N\u00e4r jag st\u00e5r i motlut ber jag v\u00e4xell\u00e5dan om hj\u00e4lp.<br \/>\nS\u00e5 du trivs med v\u00e5r bil?<br \/>\n\u2013 Kan man \u00e4lska en lastbil? F\u00e5r jag det, fr\u00e5gade hon. I s\u00e5 fall s\u00e4ger jag det rent ut: Jag \u00e4lskar denna bil och denna v\u00e4xell\u00e5da och jag \u00e4lskar att tillsammans med Volvo bygga upp ett nytt och modernt Brasilien.<\/em><br \/>\n+++++++++++++++++++++++++++++++++++++++++++++++++<br \/>\nIngenj\u00f6rskulturerna undviker ofta k\u00e4nslor. Det \u00e4r maskiner som beskrivs och det \u00e4r maskiner man t\u00e4nder p\u00e5. Men vad \u00e4r nyttan med maskinen. \u00c4r det det brasilianska undret? Eller?<br \/>\nVarje organisation beh\u00f6ver ber\u00e4ttelser som visar varf\u00f6r man tillverkar de varor man tillverkar eller erbjuder de tj\u00e4nster men erbjuder. Och det g\u00f6r man genom att leta efter sanna, verkliga h\u00e4ndelser d\u00e4r man p\u00e5 n\u00e5got s\u00e4tt \u00e4r inblandad. Det \u00e4r storytelling.<br \/>\n+++++++++++++++++++++++++++++++++++++++++++++++++<br \/>\nJag som skriver det h\u00e4r nyhetsbrevet heter <strong>Matts Heijbel.<\/strong> Du f\u00e5r det f\u00f6r att du registrerat dig eller givit mig ditt visitkort.<br \/>\nOm du inte vill ha det fram\u00f6ver v\u00e4nder du bara detta mail med ett Nej Tack s\u00e5 tar jag bort dig. Du \u00e4r i dag en av n\u00e4rmare 4000 prenumeranter.<br \/>\nVill du att jag ska komma till ditt f\u00f6retag eller din organisation s\u00e5 h\u00f6r av dig till <a href=\"mailto:matts@storytellers.se\">matts@storytellers.se<\/a><br \/>\nStockholm \/ Gr\u00f6dinge<br \/>\n2 april 2012<br \/>\nMatts Heijbel<\/p>\n","protected":false},"excerpt":{"rendered":"<p>I dag har jag skickat det 70e nyhetsbrevet till, i dag, n\u00e4rmare 4000 prenumeranter. Det g\u00e5r att l\u00e4sa via l\u00e4nken h\u00e4r under, och \u00e4r f\u00f6rst\u00e5s kostnadsfritt. Du kan anm\u00e4la dig som l\u00e4sare via denna l\u00e4nk matts@storytellers.se<\/p>\n","protected":false},"author":2,"featured_media":0,"comment_status":"open","ping_status":"closed","sticky":false,"template":"","format":"standard","meta":[],"categories":[8],"tags":[],"_links":{"self":[{"href":"https:\/\/storytellers.se\/index.php?rest_route=\/wp\/v2\/posts\/3190"}],"collection":[{"href":"https:\/\/storytellers.se\/index.php?rest_route=\/wp\/v2\/posts"}],"about":[{"href":"https:\/\/storytellers.se\/index.php?rest_route=\/wp\/v2\/types\/post"}],"author":[{"embeddable":true,"href":"https:\/\/storytellers.se\/index.php?rest_route=\/wp\/v2\/users\/2"}],"replies":[{"embeddable":true,"href":"https:\/\/storytellers.se\/index.php?rest_route=%2Fwp%2Fv2%2Fcomments&post=3190"}],"version-history":[{"count":0,"href":"https:\/\/storytellers.se\/index.php?rest_route=\/wp\/v2\/posts\/3190\/revisions"}],"wp:attachment":[{"href":"https:\/\/storytellers.se\/index.php?rest_route=%2Fwp%2Fv2%2Fmedia&parent=3190"}],"wp:term":[{"taxonomy":"category","embeddable":true,"href":"https:\/\/storytellers.se\/index.php?rest_route=%2Fwp%2Fv2%2Fcategories&post=3190"},{"taxonomy":"post_tag","embeddable":true,"href":"https:\/\/storytellers.se\/index.php?rest_route=%2Fwp%2Fv2%2Ftags&post=3190"}],"curies":[{"name":"wp","href":"https:\/\/api.w.org\/{rel}","templated":true}]}}