{"id":3188,"date":"2012-03-31T16:08:55","date_gmt":"2012-03-31T15:08:55","guid":{"rendered":"http:\/\/heijbel.wordpress.com\/2012\/03\/31\/vem-ar-jag"},"modified":"2012-03-31T16:08:55","modified_gmt":"2012-03-31T15:08:55","slug":"vem-ar-jag","status":"publish","type":"post","link":"https:\/\/storytellers.se\/?p=3188","title":{"rendered":"Vem \u00e4r jag?"},"content":{"rendered":"<p>Vem \u00e4r jag? Varifr\u00e5n kommer jag? Vart \u00e4r jag p\u00e5 v\u00e4g?<br \/>\nBer\u00e4ttelserna ger m\u00e4nniskan m\u00f6jlighet att orientera sig. Ist\u00e4llet f\u00f6r att etiketterande s\u00e4ga <em>hur<\/em> en m\u00e4nniska <em>\u00e4r<\/em> kan man beskriva hur hon agerar.<br \/>\nDet \u00e4r ber\u00e4ttelsens uppgift. Att ber\u00e4tta om m\u00e4nniskor och m\u00e4nskliga m\u00f6ten.<br \/>\nN\u00e4r var vi innovativa? Vad h\u00e4nde d\u00e5? Hur l\u00f6ste vi ett problem som d\u00f6k upp? Hur tar vi hand om varandra n\u00e4r det strular? Det finns ber\u00e4ttelser om alla dessa fr\u00e5gor i varje organisation. Precis som i sl\u00e4kten, p\u00e5 jobbet och i nationen.<br \/>\nOch givetvis i f\u00f6rh\u00e5llande till v\u00e5ra kunder, brukare och \u00e4gare.<br \/>\nGenom att s\u00f6ka, sk\u00f6rda och anv\u00e4nda dessa ber\u00e4ttelser kan vi utveckla verksamheten och begripligg\u00f6ra f\u00f6r medarbetarna varf\u00f6r vi finns som organisation.<\/p>\n","protected":false},"excerpt":{"rendered":"<p>Vem \u00e4r jag? Varifr\u00e5n kommer jag? Vart \u00e4r jag p\u00e5 v\u00e4g? Ber\u00e4ttelserna ger m\u00e4nniskan m\u00f6jlighet att orientera sig. Ist\u00e4llet f\u00f6r att etiketterande s\u00e4ga hur en m\u00e4nniska \u00e4r kan man beskriva hur hon agerar. Det \u00e4r ber\u00e4ttelsens uppgift. Att ber\u00e4tta om m\u00e4nniskor och m\u00e4nskliga m\u00f6ten. N\u00e4r var vi innovativa? Vad h\u00e4nde d\u00e5? Hur l\u00f6ste vi ett&#8230;<\/p>\n","protected":false},"author":2,"featured_media":0,"comment_status":"open","ping_status":"closed","sticky":false,"template":"","format":"standard","meta":[],"categories":[2],"tags":[],"_links":{"self":[{"href":"https:\/\/storytellers.se\/index.php?rest_route=\/wp\/v2\/posts\/3188"}],"collection":[{"href":"https:\/\/storytellers.se\/index.php?rest_route=\/wp\/v2\/posts"}],"about":[{"href":"https:\/\/storytellers.se\/index.php?rest_route=\/wp\/v2\/types\/post"}],"author":[{"embeddable":true,"href":"https:\/\/storytellers.se\/index.php?rest_route=\/wp\/v2\/users\/2"}],"replies":[{"embeddable":true,"href":"https:\/\/storytellers.se\/index.php?rest_route=%2Fwp%2Fv2%2Fcomments&post=3188"}],"version-history":[{"count":0,"href":"https:\/\/storytellers.se\/index.php?rest_route=\/wp\/v2\/posts\/3188\/revisions"}],"wp:attachment":[{"href":"https:\/\/storytellers.se\/index.php?rest_route=%2Fwp%2Fv2%2Fmedia&parent=3188"}],"wp:term":[{"taxonomy":"category","embeddable":true,"href":"https:\/\/storytellers.se\/index.php?rest_route=%2Fwp%2Fv2%2Fcategories&post=3188"},{"taxonomy":"post_tag","embeddable":true,"href":"https:\/\/storytellers.se\/index.php?rest_route=%2Fwp%2Fv2%2Ftags&post=3188"}],"curies":[{"name":"wp","href":"https:\/\/api.w.org\/{rel}","templated":true}]}}