{"id":3178,"date":"2012-03-26T21:22:29","date_gmt":"2012-03-26T20:22:29","guid":{"rendered":"http:\/\/heijbel.wordpress.com\/2012\/03\/26\/emotionellt-eller-faktuellt"},"modified":"2012-03-26T21:22:29","modified_gmt":"2012-03-26T20:22:29","slug":"emotionellt-eller-faktuellt","status":"publish","type":"post","link":"https:\/\/storytellers.se\/?p=3178","title":{"rendered":"Emotionellt eller faktuellt?"},"content":{"rendered":"<p>T\u00e4nk dig att du har 20 minuter framf\u00f6r en publik, en lyssnande skara. Du ska ber\u00e4tta om ditt f\u00f6retag eller din organisation.<br \/>\nHur g\u00f6r du?<br \/>\nV\u00e4ljer du att l\u00e4sa h\u00f6gt fr\u00e5n en<em> power point<\/em> med utdrag ur verksamhetsber\u00e4ttelsen och talar om er organisationsstruktur. Eller v\u00e4ljer du att dra fyra korta ber\u00e4ttelser som visar meningen med att ni finns? Och vart ni \u00e4r p\u00e5 v\u00e4g.<br \/>\n\u00c5rsber\u00e4ttelsen finns ju p\u00e5 n\u00e4tet s\u00e5 de som vill se den och organisationsstrukturen kan kolla d\u00e4r &#8211; eller?<\/p>\n","protected":false},"excerpt":{"rendered":"<p>T\u00e4nk dig att du har 20 minuter framf\u00f6r en publik, en lyssnande skara. Du ska ber\u00e4tta om ditt f\u00f6retag eller din organisation. Hur g\u00f6r du? V\u00e4ljer du att l\u00e4sa h\u00f6gt fr\u00e5n en power point med utdrag ur verksamhetsber\u00e4ttelsen och talar om er organisationsstruktur. Eller v\u00e4ljer du att dra fyra korta ber\u00e4ttelser som visar meningen med&#8230;<\/p>\n","protected":false},"author":2,"featured_media":0,"comment_status":"open","ping_status":"closed","sticky":false,"template":"","format":"standard","meta":[],"categories":[2],"tags":[],"_links":{"self":[{"href":"https:\/\/storytellers.se\/index.php?rest_route=\/wp\/v2\/posts\/3178"}],"collection":[{"href":"https:\/\/storytellers.se\/index.php?rest_route=\/wp\/v2\/posts"}],"about":[{"href":"https:\/\/storytellers.se\/index.php?rest_route=\/wp\/v2\/types\/post"}],"author":[{"embeddable":true,"href":"https:\/\/storytellers.se\/index.php?rest_route=\/wp\/v2\/users\/2"}],"replies":[{"embeddable":true,"href":"https:\/\/storytellers.se\/index.php?rest_route=%2Fwp%2Fv2%2Fcomments&post=3178"}],"version-history":[{"count":0,"href":"https:\/\/storytellers.se\/index.php?rest_route=\/wp\/v2\/posts\/3178\/revisions"}],"wp:attachment":[{"href":"https:\/\/storytellers.se\/index.php?rest_route=%2Fwp%2Fv2%2Fmedia&parent=3178"}],"wp:term":[{"taxonomy":"category","embeddable":true,"href":"https:\/\/storytellers.se\/index.php?rest_route=%2Fwp%2Fv2%2Fcategories&post=3178"},{"taxonomy":"post_tag","embeddable":true,"href":"https:\/\/storytellers.se\/index.php?rest_route=%2Fwp%2Fv2%2Ftags&post=3178"}],"curies":[{"name":"wp","href":"https:\/\/api.w.org\/{rel}","templated":true}]}}