{"id":3176,"date":"2012-03-26T21:06:41","date_gmt":"2012-03-26T20:06:41","guid":{"rendered":"http:\/\/heijbel.wordpress.com\/2012\/03\/26\/oppen-forelasning-i-malmo"},"modified":"2012-03-26T21:06:41","modified_gmt":"2012-03-26T20:06:41","slug":"oppen-forelasning-i-malmo","status":"publish","type":"post","link":"https:\/\/storytellers.se\/?p=3176","title":{"rendered":"\u00d6ppen f\u00f6rel\u00e4sning i Malm\u00f6"},"content":{"rendered":"<p>Jag ska h\u00e5lla en \u00f6ppen kostnadsfri f\u00f6rel\u00e4sning i <em>Malm\u00f6<\/em> den 4 maj. Jag f\u00e5r ofta fr\u00e5gan n\u00e4r jag ska komma med ett \u00f6ppet seminarium. Och nu blir det av. Jag gillar Malm\u00f6 s\u00e5 jag kommer med gl\u00e4dje. \u00c4r du intresserad av att komma och lyssna och diskutera s\u00e5 kontakta <a href=\"mailto:matts@storytellers.se\">matts@storytellers.se <\/a> s\u00e5 ska jag h\u00e5lla dig informerad. Det \u00e4r p\u00e5 morgonen vid 08.30 &#8211; 10.00 och fika ing\u00e5r f\u00f6rst\u00e5s.<br \/>\nI n\u00e4sta nyhetsbrev vet jag n\u00e4rmare var. Men det blir mitt i city, s\u00e5 mycket vet jag.<\/p>\n","protected":false},"excerpt":{"rendered":"<p>Jag ska h\u00e5lla en \u00f6ppen kostnadsfri f\u00f6rel\u00e4sning i Malm\u00f6 den 4 maj. Jag f\u00e5r ofta fr\u00e5gan n\u00e4r jag ska komma med ett \u00f6ppet seminarium. Och nu blir det av. Jag gillar Malm\u00f6 s\u00e5 jag kommer med gl\u00e4dje. \u00c4r du intresserad av att komma och lyssna och diskutera s\u00e5 kontakta matts@storytellers.se s\u00e5 ska jag h\u00e5lla dig&#8230;<\/p>\n","protected":false},"author":2,"featured_media":0,"comment_status":"open","ping_status":"closed","sticky":false,"template":"","format":"standard","meta":[],"categories":[9],"tags":[],"_links":{"self":[{"href":"https:\/\/storytellers.se\/index.php?rest_route=\/wp\/v2\/posts\/3176"}],"collection":[{"href":"https:\/\/storytellers.se\/index.php?rest_route=\/wp\/v2\/posts"}],"about":[{"href":"https:\/\/storytellers.se\/index.php?rest_route=\/wp\/v2\/types\/post"}],"author":[{"embeddable":true,"href":"https:\/\/storytellers.se\/index.php?rest_route=\/wp\/v2\/users\/2"}],"replies":[{"embeddable":true,"href":"https:\/\/storytellers.se\/index.php?rest_route=%2Fwp%2Fv2%2Fcomments&post=3176"}],"version-history":[{"count":0,"href":"https:\/\/storytellers.se\/index.php?rest_route=\/wp\/v2\/posts\/3176\/revisions"}],"wp:attachment":[{"href":"https:\/\/storytellers.se\/index.php?rest_route=%2Fwp%2Fv2%2Fmedia&parent=3176"}],"wp:term":[{"taxonomy":"category","embeddable":true,"href":"https:\/\/storytellers.se\/index.php?rest_route=%2Fwp%2Fv2%2Fcategories&post=3176"},{"taxonomy":"post_tag","embeddable":true,"href":"https:\/\/storytellers.se\/index.php?rest_route=%2Fwp%2Fv2%2Ftags&post=3176"}],"curies":[{"name":"wp","href":"https:\/\/api.w.org\/{rel}","templated":true}]}}