{"id":3172,"date":"2012-03-20T08:43:59","date_gmt":"2012-03-20T07:43:59","guid":{"rendered":"http:\/\/heijbel.wordpress.com\/2012\/03\/20\/varldsberattardag-och-vardagjamning"},"modified":"2012-03-20T08:43:59","modified_gmt":"2012-03-20T07:43:59","slug":"varldsberattardag-och-vardagjamning","status":"publish","type":"post","link":"https:\/\/storytellers.se\/?p=3172","title":{"rendered":"V\u00e4rldsber\u00e4ttardag och v\u00e5rdagj\u00e4mning"},"content":{"rendered":"<p>Vi vet vad vi sjunger n\u00e4r vi dansar runt majst\u00e5ngen. Men vilka mantran beh\u00f6ver vi runt de moderna l\u00e4gereldarna (<em>kaffeapparater, bloggar after-work<\/em>) och runt v\u00e5ra varum\u00e4rken?<br \/>\nI dag, den 20e mars, firar vi inte bara v\u00e5rdagj\u00e4mningen utan det \u00e4r ocks\u00e5 dags f\u00f6r <strong>Den Internationella V\u00e4rldsber\u00e4ttardagen, World Storytelling Day.<\/strong> D\u00e5 ber\u00e4ttas det traditionellt och folkloristiskt \u00f6ver hela v\u00e4rlden.<br \/>\nJag \u00e4r socialantropolog och etnolog i grunden och jag vet att all kultur b\u00e4rs och synligg\u00f6rs av ber\u00e4ttelser. Det \u00e4r dessa ber\u00e4ttelser som folklorister har studerat i drygt 100 \u00e5r i jakten p\u00e5 ber\u00e4ttelserna fr\u00e5n det samh\u00e4lle som gick f\u00f6rlorat i samband med industrialismen&#8230;<\/p>\n<p><!--more--><br \/>\n&#8230; I dag blandar ber\u00e4ttarna i ber\u00e4ttarr\u00f6relsen r\u00e4tt frimodigt ibland denna den gamla folkloristiska traditionen. Likt spelm\u00e4n som f\u00f6rvaltar musikarvet str\u00e4var ber\u00e4ttarna efter att h\u00e5lla kvar ber\u00e4ttararvet och s\u00e4tta sin samtids pr\u00e4gel p\u00e5 samma g\u00e5ng. Man tar ocks\u00e5 litter\u00e4ra nedteckningar som <strong>Br\u00f6derna Grimm<\/strong>, <strong>HC Andersen<\/strong> och ber\u00e4ttelser fr\u00e5n andra kulturkretsar bortom greker och romare.<br \/>\nParallellt med den nya ber\u00e4ttarr\u00f6relsen startade organisationsstorytelling p\u00e5 90-talet. P\u00e5 sent 90-tal kom den hit till Sverige. F\u00f6r mig som Corporate Storyteller s\u00e5 \u00e4r det framf\u00f6rallt dessa, ber\u00e4ttelserna i dagens f\u00f6retag och organisationer, som \u00e4r intressanta.<br \/>\nInte bara f\u00f6r att de i m\u00e5ngt och mycket visar samma konflikter och b\u00e4r p\u00e5 samma draman utan ocks\u00e5 f\u00f6r att de kan leda f\u00f6retag och organisationer till framg\u00e5ng om man s\u00e4tter dem i arbete. Det \u00e4r mitt jobb.<br \/>\nJag vet att de finns, jag vet hur man hittar dem och hur man sk\u00f6rdar dem och hur man paketerar dem s\u00e5 att de g\u00f6r nytta i kommunikation, s\u00e4lj och ledarskap.<br \/>\nPrecis som bondesamh\u00e4llet beh\u00f6vde sina ber\u00e4ttelser f\u00f6r att orientera sig, visa v\u00e4rderingar och \u00f6verf\u00f6ra kunskap s\u00e5 beh\u00f6ver dagens postmoderna samh\u00e4lle, eller vad vi nu v\u00e4ljer att kalla det, sina ber\u00e4ttelser.<br \/>\nJag kommer sj\u00e4lv att delta som en katt bland hermelinerna och dra en Corporate Story p\u00e5 <em>Stockholms Stadsmuseum<\/em> i kv\u00e4ll. 6 minuter har vi var. Jag hoppas att min ber\u00e4ttelse ska vara ett inspel som visar att folkloren \u00e4r inte museal, den f\u00f6ds p\u00e5 nytt varje dag och den har fortfarande samma uppgift att hj\u00e4lpa oss att f\u00f6rst\u00e5s och orientera v\u00e5rt nu, v\u00e5r samtid och v\u00e5r framtid i den organisation d\u00e4r de flesta av oss befinner oss &#8211; p\u00e5 jobbet!<\/p>\n","protected":false},"excerpt":{"rendered":"<p>Vi vet vad vi sjunger n\u00e4r vi dansar runt majst\u00e5ngen. Men vilka mantran beh\u00f6ver vi runt de moderna l\u00e4gereldarna (kaffeapparater, bloggar after-work) och runt v\u00e5ra varum\u00e4rken? I dag, den 20e mars, firar vi inte bara v\u00e5rdagj\u00e4mningen utan det \u00e4r ocks\u00e5 dags f\u00f6r Den Internationella V\u00e4rldsber\u00e4ttardagen, World Storytelling Day. D\u00e5 ber\u00e4ttas det traditionellt och folkloristiskt \u00f6ver&#8230;<\/p>\n","protected":false},"author":2,"featured_media":0,"comment_status":"open","ping_status":"closed","sticky":false,"template":"","format":"standard","meta":[],"categories":[9],"tags":[],"_links":{"self":[{"href":"https:\/\/storytellers.se\/index.php?rest_route=\/wp\/v2\/posts\/3172"}],"collection":[{"href":"https:\/\/storytellers.se\/index.php?rest_route=\/wp\/v2\/posts"}],"about":[{"href":"https:\/\/storytellers.se\/index.php?rest_route=\/wp\/v2\/types\/post"}],"author":[{"embeddable":true,"href":"https:\/\/storytellers.se\/index.php?rest_route=\/wp\/v2\/users\/2"}],"replies":[{"embeddable":true,"href":"https:\/\/storytellers.se\/index.php?rest_route=%2Fwp%2Fv2%2Fcomments&post=3172"}],"version-history":[{"count":0,"href":"https:\/\/storytellers.se\/index.php?rest_route=\/wp\/v2\/posts\/3172\/revisions"}],"wp:attachment":[{"href":"https:\/\/storytellers.se\/index.php?rest_route=%2Fwp%2Fv2%2Fmedia&parent=3172"}],"wp:term":[{"taxonomy":"category","embeddable":true,"href":"https:\/\/storytellers.se\/index.php?rest_route=%2Fwp%2Fv2%2Fcategories&post=3172"},{"taxonomy":"post_tag","embeddable":true,"href":"https:\/\/storytellers.se\/index.php?rest_route=%2Fwp%2Fv2%2Ftags&post=3172"}],"curies":[{"name":"wp","href":"https:\/\/api.w.org\/{rel}","templated":true}]}}