{"id":3166,"date":"2012-03-13T12:04:46","date_gmt":"2012-03-13T11:04:46","guid":{"rendered":"http:\/\/heijbel.wordpress.com\/2012\/03\/13\/beratta-dig-till-framgang"},"modified":"2012-03-13T12:04:46","modified_gmt":"2012-03-13T11:04:46","slug":"beratta-dig-till-framgang","status":"publish","type":"post","link":"https:\/\/storytellers.se\/?p=3166","title":{"rendered":"Ber\u00e4tta dig till framg\u00e5ng"},"content":{"rendered":"<p>Jag intervjuas av <strong>Karolina Eriksson<\/strong> p\u00e5 <em><strong>Ditt f\u00f6retag on lines blogg<\/strong><\/em>. S\u00e5 h\u00e4r inleds den. F\u00f6lj den sen vidare via l\u00e4nken h\u00e4r nere om du vill:<br \/>\n<em>&#8221;Matts Heijbel \u00e4r Sveriges fr\u00e4msta profil inom storytelling. Med en bakgrund inom journalistik och socialantropologi har han gjort det till sitt uppdrag att fylla Sveriges f\u00f6retagskulturer med ber\u00e4ttelser. Genom samtal med ledare, medarbetare och entrepren\u00f6rer, letar han upp och lyfter f\u00f6retagens unika stories, historia och framtid.<br \/>\nStorytelling handlar om att leta fram ett f\u00f6retags mjuka v\u00e4rden, de ber\u00e4ttelser som en g\u00e5ng skapade och som nu bygger verksamheten. Siffror, \u00e5rtal, prestanda och andra h\u00e5rda fakta \u00e4r ointressant &#8211; h\u00e4r st\u00e5r m\u00e4nniskor, samtal och minnesv\u00e4rda h\u00e4ndelser i fokus.<br \/>\n&#8211; Jag ser det som en aff\u00e4rsst\u00f6djande verksamhet, som bland annat kan anv\u00e4ndas inom f\u00f6retagskulturellt byggande, interninformation, organisationsutveckling, rekrytering och marknadsf\u00f6ring. Ber\u00e4ttelserna som finns inom organisationer och f\u00f6retag kan och b\u00f6r anv\u00e4ndas f\u00f6r att n\u00e5 framg\u00e5ng, menar Matts Heijbel.&#8221;<\/em><br \/>\nL\u00e4s vidare <a href=\"http:\/\/www.dittforetagonline.se\/blogg\"><em><strong>h\u00e4r<\/strong><\/em><\/a>.<\/p>\n","protected":false},"excerpt":{"rendered":"<p>Jag intervjuas av Karolina Eriksson p\u00e5 Ditt f\u00f6retag on lines blogg. S\u00e5 h\u00e4r inleds den. F\u00f6lj den sen vidare via l\u00e4nken h\u00e4r nere om du vill: &#8221;Matts Heijbel \u00e4r Sveriges fr\u00e4msta profil inom storytelling. Med en bakgrund inom journalistik och socialantropologi har han gjort det till sitt uppdrag att fylla Sveriges f\u00f6retagskulturer med ber\u00e4ttelser. Genom&#8230;<\/p>\n","protected":false},"author":2,"featured_media":0,"comment_status":"open","ping_status":"closed","sticky":false,"template":"","format":"standard","meta":[],"categories":[3],"tags":[],"_links":{"self":[{"href":"https:\/\/storytellers.se\/index.php?rest_route=\/wp\/v2\/posts\/3166"}],"collection":[{"href":"https:\/\/storytellers.se\/index.php?rest_route=\/wp\/v2\/posts"}],"about":[{"href":"https:\/\/storytellers.se\/index.php?rest_route=\/wp\/v2\/types\/post"}],"author":[{"embeddable":true,"href":"https:\/\/storytellers.se\/index.php?rest_route=\/wp\/v2\/users\/2"}],"replies":[{"embeddable":true,"href":"https:\/\/storytellers.se\/index.php?rest_route=%2Fwp%2Fv2%2Fcomments&post=3166"}],"version-history":[{"count":0,"href":"https:\/\/storytellers.se\/index.php?rest_route=\/wp\/v2\/posts\/3166\/revisions"}],"wp:attachment":[{"href":"https:\/\/storytellers.se\/index.php?rest_route=%2Fwp%2Fv2%2Fmedia&parent=3166"}],"wp:term":[{"taxonomy":"category","embeddable":true,"href":"https:\/\/storytellers.se\/index.php?rest_route=%2Fwp%2Fv2%2Fcategories&post=3166"},{"taxonomy":"post_tag","embeddable":true,"href":"https:\/\/storytellers.se\/index.php?rest_route=%2Fwp%2Fv2%2Ftags&post=3166"}],"curies":[{"name":"wp","href":"https:\/\/api.w.org\/{rel}","templated":true}]}}