{"id":3162,"date":"2012-03-05T19:20:22","date_gmt":"2012-03-05T18:20:22","guid":{"rendered":"http:\/\/heijbel.wordpress.com\/2012\/03\/05\/nyhetsbrev-69-fikar-dom-igen"},"modified":"2012-03-05T19:20:22","modified_gmt":"2012-03-05T18:20:22","slug":"nyhetsbrev-69-fikar-dom-igen","status":"publish","type":"post","link":"https:\/\/storytellers.se\/?p=3162","title":{"rendered":"Nyhetsbrev 69: Fikar dom igen?"},"content":{"rendered":"<p>I dag har det sextionionde nyhetsbrevet skickats fr\u00e5n storytellers.se till cirka 3.700 prenumeranter. Vill du ocks\u00e5 ha det s\u00e5 kan du anm\u00e4la dig h\u00e4r. Det kostar inget. Anm\u00e4l dig till <a href=\"mailto:matts@storytellers.se\">matts@storytellers.se<\/a><br \/>\nL\u00e4s 69an via l\u00e4nken h\u00e4r under:<\/p>\n<p><!--more--><br \/>\nNyhetsbrev 69<br \/>\nHej Storytellerv\u00e4n<br \/>\nS\u00e5 var det dags f\u00f6r ett nyhetsbrev fr\u00e5n Storytellers igen. Du f\u00e5r det f\u00f6r att du har bett om det eller f\u00f6r att vi har samarbetat kring storytelling i och om f\u00f6retag och organisationer. Jag som skriver heter <strong>Matts Heijbel<\/strong> och har arbetat med dessa perspektiv p\u00e5 heltid i mer \u00e4n 10 \u00e5r.<br \/>\nJag \u00e4r f\u00f6rfattare och journalist med socialantropologisk bakgrund och utg\u00e5r hela tiden fr\u00e5n ett kulturperspektiv f\u00f6r att kunna utveckla f\u00f6retaget eller organisationen och leta efter framg\u00e5ngsrika id\u00e9er och l\u00f6sningar.<br \/>\nEtt f\u00f6retag \u00e4r som en tribe, en klan eller en folkgrupp. Liksom alla folk och grupper har ocks\u00e5 f\u00f6retaget och organisationen ber\u00e4ttelser som visar var de kommer ifr\u00e5n, var de befinner sig och vart de \u00e4r p\u00e5 v\u00e4g. Ber\u00e4ttelserna \u00e4r v\u00e4rdefulla delar av organisationsfolkloren.<br \/>\nM\u00e4nniskor i organisationernas omv\u00e4rld ber\u00e4ttar ocks\u00e5 om dem och talar om vad dessa f\u00f6retag h\u00e5ller p\u00e5 med. Det kan exempelvis vara kundber\u00e4ttelser om ett f\u00f6retag en organisation och om dess varor och tj\u00e4nster.<br \/>\nS\u00e5 \u00e4r det bara och om man, som jag, tror att dessa ber\u00e4ttelser visar v\u00e4rderingar och b\u00e4r viktig kunskap och \u00e4r viktiga framg\u00e5ngsfaktorer, d\u00e5 intresserar man sig f\u00f6r Corporate Storytelling och business narratives. Man satsar p\u00e5 att bli storymedveten och p\u00e5 att anv\u00e4nda ber\u00e4ttarkapitalet i bland annat rekrytering, s\u00e4lj och ledarskap.<br \/>\n++++++++++++++++++++++++++++++++++++++++++++<br \/>\nL\u00e4gereldarna \u00e4r en f\u00f6ruts\u00e4ttning f\u00f6r alla samtal och meningsutbyten. Det \u00e4r d\u00e4r vi kodar oss, l\u00e4r oss och kommer p\u00e5 nya id\u00e9er. Det beh\u00f6vs alltid m\u00e5nga tappade tr\u00e5dar f\u00f6r att finna en ny id\u00e9. Det finns ocks\u00e5 mycket fr\u00e5n det f\u00f6rflutna som vi b\u00f6r ber\u00e4tta om och om igen om det st\u00e4rker gruppen. Men nuet och framtiden \u00e4r i dessa perspektiv alltid viktigast.<br \/>\nVid l\u00e4gerelden lyssnar vi in och l\u00e4r.<br \/>\nDagens l\u00e4gereldar finns vid kaffeapparaten, i fikarummet, vid lunchrestaurangen och f\u00f6rst\u00e5s, och kanske framf\u00f6r allt, i den sociala webbens olika platser och distributionsv\u00e4gar. Hela <em>Facebook<\/em> best\u00e5r exempelvis av miljontals l\u00e4gereldar som m\u00e4nniskor har t\u00e4nt kring sig sj\u00e4lva och sina tankar.<br \/>\nNobelpristagaren <strong>Venki Ramakrishnan<\/strong> var f\u00f6r n\u00e5gra \u00e5r sedan den fjortonde pristagaren att komma fr\u00e5n en och samma forskningsinstitution, n\u00e4mligen det brittiska medicinska forskningsr\u00e5dets laboratorium f\u00f6r molekyl\u00e4rbiologi i Cambridge.<br \/>\nHur kan det komma sig? Var de speciellt smarta eller? Inte d\u00e5, menar Venki Ramakrishnan, det \u00e4r personalmatsalen. D\u00e4r fikar man och \u00e4ter. Snackar och diskuterar. Tar kanske en \u00f6l tillsammans. D\u00e4r f\u00f6ds nya id\u00e9er. Man ser v\u00e4rdet av denna kantin.<br \/>\nS\u00e5 det kanske inte \u00e4r sj\u00e4lvklart att man ogillande ska utbrista: Sitter dom och fikar nu igen&#8230;?<br \/>\nMan fikar g\u00e4rna i Cambridge och jag tycker man borde g\u00f6ra det ocks\u00e5 vid v\u00e5ra forskningsinstitutioner och p\u00e5 v\u00e5ra arbetsplatser.<br \/>\nDet h\u00e4nder mig faktiskt ofta att jag f\u00e5r f\u00f6rfr\u00e5gningar som rymmer chefens l\u00e4ngtan att stimulera fikarasterna och att verka f\u00f6r ett kreativt meningsutbyte d\u00e4r f\u00f6r att utveckla triben och id\u00e9erna.<br \/>\n++++++++++++++++++++++++++++++++++++++++++++<br \/>\nJag l\u00e4ste nyligen om <em>Edelmans<\/em> internationella f\u00f6rtroendebarometer. De hade fr\u00e5gat 18-plusare i 25 l\u00e4nder om vilka de hade f\u00f6rtroende f\u00f6r. Det visade sig att kategorin &#8221;vanligt folk&#8221; eller &#8221;folk som du och jag&#8221; f\u00e5r allt st\u00f6rre f\u00f6rtroende.<br \/>\nDet finns en l\u00e4nk fr\u00e5n www.storytellers.se<br \/>\nSamtidigt hade traditionella auktoriteter som h\u00f6ga chefer, VDar och myndighetspersoner fallande v\u00e4rden j\u00e4mf\u00f6r med tidigare m\u00e4tningar. Inte vet jag vad det beror p\u00e5 men kanske h\u00e4nger det ihop med att allt fler g\u00f6r sin r\u00f6st h\u00f6rd i och med den sociala webben.<br \/>\nDetta passar gott ihop med tankarna kring <em>Corporate Storytelling<\/em> eftersom ber\u00e4ttelserna som \u00e4r sanna och sk\u00f6rdade fr\u00e5n verkligheten hos &#8221;folk som du och jag&#8221; ofta har ett v\u00e4ldigt starkt genomslag.<br \/>\nJag som har en journalistbakgrund och som f\u00f6rr om \u00e5ren ocks\u00e5 var l\u00e4rare i journalistik vid <em>Journalisth\u00f6gskolan i Stockholm<\/em> har sett denna oerh\u00f6rda resa som via n\u00e4tet bitvis flyttar ber\u00e4ttandet fr\u00e5n massmediaproffsen till &#8221;folk som du och jag&#8221;.<br \/>\nT\u00e4nk bara hur kommentarsf\u00e4lten har gjort att varje yrkesutbildad journalist idag f\u00e5r finna sig i att bli v\u00e4rderad och kommenterad och att en artikel ofta \u00e4r avstampet p\u00e5 en l\u00e5ng diskussion som bygger en ytterligare story utifr\u00e5n det journalisten f\u00f6rst skrev.<br \/>\nN\u00e4r jag sj\u00e4lv gick p\u00e5 Journalisth\u00f6gskolan ingick det i skr\u00e5fostran att jag tillh\u00f6rde den tredje statsmakten och att jag var en del av det skr\u00e5 som skulle s\u00f6ka, sortera och s\u00e4nda den information som jag och mitt medium bed\u00f6mde som intressant. L\u00e4sarna kunde eventuellt f\u00e5 ropa p\u00e5 ins\u00e4ndarsidan om vi tyckte det de sa platsade.<br \/>\n++++++++++++++++++++++++++++++++++++++++++++<br \/>\nJag brukar i dag p\u00e5st\u00e5 att jag medverkar till att bygga ber\u00e4ttande organisationer. Att det finns ett kulturkapital i organisationen som b\u00e4r framg\u00e5ngsfr\u00f6et f\u00f6r forts\u00e4ttningen och att den kultur som inte lyssnar, talar och ber\u00e4ttar kommer att d\u00f6. Det \u00e4r faktiskt s\u00e5 runt om i v\u00e4rlden att b\u00e5de spr\u00e5k och kulturer d\u00f6r ut varje \u00e5r. S\u00e5 \u00e4r det i marknaden ocks\u00e5.<br \/>\nF\u00f6r n\u00e5gra veckor sedan kom en bok fr\u00e5n trycket som heter <strong><em>&#8221;Gl\u00e4djen tillbaka i atelj\u00e9n&#8221; &#8211; och 29 andra ber\u00e4ttelser fr\u00e5n Skatteverket M\u00e4lardalsregionen<\/em><\/strong>. Jag har sj\u00e4lv f\u00e5tt vara med i den produktionen och bidra med mina erfarenheter och med en del bearbetningar av ber\u00e4ttelser om h\u00e4ndelser som vanliga skatteverkare, medlemmar av skatteverksfolket, blivit ber\u00f6rda av.<br \/>\nSkatteverket har ocks\u00e5 en intern ber\u00e4ttarblogg men man tyckte att en bok i papper med skattestories skulle vara ett bra verktyg i v\u00e4rderingsarbetet och kulturarbetet i Skatteverket.<br \/>\nMyndigheten fick f\u00f6r \u00f6vrigt pris som Sveriges modernaste myndighet f\u00f6r en tid sen och man hoppas kunna anv\u00e4nda boken i arbetet med att visa hur en modern, lyssnande och ink\u00e4nnande myndighet arbetar.<br \/>\n++++++++++++++++++++++++++++++++++++++++++++<br \/>\nIbland s\u00e4ger man att amerikanare \u00e4r bra p\u00e5 att ber\u00e4tta. Att fransm\u00e4n \u00e4r yviga, svenskar blyga och finnar tysta. Eller n\u00e5got liknande. Man kopplar beteenden till nationaliteter. Kanske ligger det n\u00e5got i det men jag tror att det i den globaliserade ekonomin d\u00e4r m\u00e5nga av oss \u00e4r infl\u00e4tade stora organisationer via v\u00e5rt arbete finns andra aspekter.<br \/>\nDet kanske inte \u00e4r s\u00e5 att svenskar \u00e4r si och amerikaner s\u00e5. Det kanske \u00e4r s\u00e5 att <em>ikeaner<\/em> \u00e4r s\u00e5 och <em>volvofolk<\/em> &#8221;all over&#8221; \u00e4r s\u00e5. Kanske \u00e4r <em>landstingsm\u00e4nniskor<\/em> p\u00e5 ett s\u00e4tt och gruvarbetare i LKAB p\u00e5 ett annat.<br \/>\nJag t\u00e4nkte p\u00e5 detta f\u00f6r en tid sen n\u00e4r jag hade seminarium med n\u00e4rmare 200 m\u00e4nniskor fr\u00e5n 40 l\u00e4nder alla tillh\u00f6rande Electroluxfolket. Vilka ber\u00e4ttelser har de f\u00f6r att visa v\u00e4rderingar och f\u00f6r att visa sina dr\u00f6mmar om framtiden?<br \/>\nVi hade en sk\u00f6rdefest d\u00e4r flera ber\u00e4ttelser kan bidra till att bygga grunden f\u00f6r en Electroluxisk folklore.<br \/>\n++++++++++++++++++++++++++++++++++++++++++++<br \/>\nNu ska jag jobba en del med <em>Svenska Kyrkan<\/em>. D\u00e5 handlar det inte om predikan och Jesus och Gamla Testamentet. Nej det blir nog mer om m\u00e4nniskorna som b\u00e4r denna tradition och om hur de arbetar i dag i vardagen. Det ska bli sp\u00e4nnande.<br \/>\nJag tror att Svenska Kyrkan liksom m\u00e5nga andra f\u00f6rsamlingar och samfund liksom en stor del av fackf\u00f6reningsr\u00f6relsen och andra folkr\u00f6relseorganisationer beh\u00f6ver str\u00e4cka sig efter sin organisationskultur och inte bara tala om det som var utan om vad som sker nu och vad som kommer att bli.<br \/>\nF\u00f6r framtiden finns redan h\u00e4r. Leta upp exemplen fr\u00e5n verkligheten och trumpeta ut dem s\u00e5 kommer nya medlemmar str\u00f6mmande i den framtid som vi redan andas.<br \/>\n++++++++++++++++++++++++++++++++++++++++++++<br \/>\nI f\u00f6rra nyhetsbrevet bj\u00f6d jag in dig och andra nyhetsbrevsl\u00e4sare till ett gratisseminarium i Stockholm. Jag fick byta lokal flera g\u00e5nger f\u00f6r att s\u00e5 m\u00e5nga ville komma. Vid 70 satte jag stopp.<br \/>\nNu bjuder jag in igen men drar streck tidigare. Nu ska jag ta emot p\u00e5 Krukmakargatan 22 d\u00e4r jag och mitt n\u00e4tverk <strong><em>K22<\/em><\/strong> har nya lokaler. Som vanligt f\u00e5r ni komma i turordning. Den som tackar ja f\u00f6rst f\u00e5r komma f\u00f6rst osv.<br \/>\nOm du vill komma p\u00e5 kostnadsfritt frukostseminarium med kaffe och macka p\u00e5 S\u00f6dermalm i Stockholm den 16 mars mellan 08.30 och 10.00 s\u00e5 v\u00e4nd detta med orden: Seminarium ja tack!<br \/>\nSen \u00e5terkommer jag med besked om du kom med.<br \/>\n++++++++++++++++++++++++++++++++++++++++++++<br \/>\nDet var allt f\u00f6r denna g\u00e5ng. Jag som skriver brevet heter allts\u00e5 <strong>Matts Heijbel<\/strong>. Jag kan komma till ditt f\u00f6retag eller din organisation och h\u00e5lla seminarium. Vill du ha en f\u00f6rsta sk\u00f6rd ur ert kulturkapital s\u00e5 kan vi ha exempelvis en halvdag med inspirationsf\u00f6rel\u00e4sning, workshop och sk\u00f6rdefest. D\u00e5 f\u00e5r ni stories direkt ur er verklighet. Vill ni filma korta stories ur sk\u00f6rden s\u00e5 tar jag med en filmare.<br \/>\nVill du inte ha detta nyhetsbrev mer s\u00e5 v\u00e4nd det bara med ett: Nej tack!<br \/>\nH\u00e4lsningar fr\u00e5n<br \/>\nMatts Heijbel<br \/>\nStockholm \/ Gr\u00f6dinge 5 mars 2012<\/p>\n","protected":false},"excerpt":{"rendered":"<p>I dag har det sextionionde nyhetsbrevet skickats fr\u00e5n storytellers.se till cirka 3.700 prenumeranter. Vill du ocks\u00e5 ha det s\u00e5 kan du anm\u00e4la dig h\u00e4r. Det kostar inget. Anm\u00e4l dig till matts@storytellers.se L\u00e4s 69an via l\u00e4nken h\u00e4r under:<\/p>\n","protected":false},"author":2,"featured_media":0,"comment_status":"open","ping_status":"closed","sticky":false,"template":"","format":"standard","meta":[],"categories":[8],"tags":[],"_links":{"self":[{"href":"https:\/\/storytellers.se\/index.php?rest_route=\/wp\/v2\/posts\/3162"}],"collection":[{"href":"https:\/\/storytellers.se\/index.php?rest_route=\/wp\/v2\/posts"}],"about":[{"href":"https:\/\/storytellers.se\/index.php?rest_route=\/wp\/v2\/types\/post"}],"author":[{"embeddable":true,"href":"https:\/\/storytellers.se\/index.php?rest_route=\/wp\/v2\/users\/2"}],"replies":[{"embeddable":true,"href":"https:\/\/storytellers.se\/index.php?rest_route=%2Fwp%2Fv2%2Fcomments&post=3162"}],"version-history":[{"count":0,"href":"https:\/\/storytellers.se\/index.php?rest_route=\/wp\/v2\/posts\/3162\/revisions"}],"wp:attachment":[{"href":"https:\/\/storytellers.se\/index.php?rest_route=%2Fwp%2Fv2%2Fmedia&parent=3162"}],"wp:term":[{"taxonomy":"category","embeddable":true,"href":"https:\/\/storytellers.se\/index.php?rest_route=%2Fwp%2Fv2%2Fcategories&post=3162"},{"taxonomy":"post_tag","embeddable":true,"href":"https:\/\/storytellers.se\/index.php?rest_route=%2Fwp%2Fv2%2Ftags&post=3162"}],"curies":[{"name":"wp","href":"https:\/\/api.w.org\/{rel}","templated":true}]}}