{"id":3144,"date":"2012-02-01T17:25:31","date_gmt":"2012-02-01T16:25:31","guid":{"rendered":"http:\/\/heijbel.wordpress.com\/2012\/02\/01\/nyhetsbrev-68-kvinnan-skulle-stenas"},"modified":"2012-02-01T17:25:31","modified_gmt":"2012-02-01T16:25:31","slug":"nyhetsbrev-68-kvinnan-skulle-stenas","status":"publish","type":"post","link":"https:\/\/storytellers.se\/?p=3144","title":{"rendered":"Nyhetsbrev 68: Kvinnan skulle stenas"},"content":{"rendered":"<p>I dag har nyhetsbrev 68 g\u00e5tt fr\u00e5n Storytellers.se Antalet prenumeranter \u00e4r nu cirka 3.600. Vill du ocks\u00e5 ha det en g\u00e5ng i m\u00e5naden, sj\u00e4lvfallet kostnadsfritt, s\u00e5 kan du anm\u00e4la dig h\u00e4r med din mejladress: <a href=\"mailto:matts@storytellers.se\">matts@storytellers.se<\/a><br \/>\nVill du l\u00e4sa 68:an s\u00e5 klicka p\u00e5 l\u00e4nken h\u00e4r under.<\/p>\n<p><!--more--><br \/>\nNyhetsbrev 68:<br \/>\nHej storytellerv\u00e4n. Detta \u00e4r det sextio\u00e5ttonde nyhetsbrevet fr\u00e5n Storytellers. Du \u00e4r en av cirka 3.600 prenumeranter och du f\u00e5r det f\u00f6r att du bett om det eller f\u00f6r att vi samarbetat i storytelling \/ storylisteningsammanhang.<br \/>\n++++++++++++++++++++++++++++++++++++++++++++++++<br \/>\nDet har varit en intensiv m\u00e5nad sen sist med m\u00e4ngder av seminarier, workshops och olika typer av storyproduktioner. En kul produkt \u00e4r boken &#8221;<strong><em>Gl\u00e4djen tillbaka i atelj\u00e9n &#8211; och 29 andra ber\u00e4ttelser fr\u00e5n Skatteverket M\u00e4lardalsregionen<\/em><\/strong>&#8221;.<br \/>\nDen ska nu spridas i organisationen och visa <em>Skatteverkets<\/em> medarbetare det moderna bem\u00f6tande som visar hur man g\u00e5r fr\u00e5n att se folket som skattepliktigt till att se oss alla som medborgare som beh\u00f6ver service och aktivt positivt bem\u00f6tande.<br \/>\nAlla medarbetare kommer att f\u00e5 denna f\u00e4rggranna bok som inte ett dugg p\u00e5minner om en vanlig rapport eller ett normalverk i en myndighets skriftserie. Det \u00e4r helt enkelt bem\u00f6tandeber\u00e4ttelser fr\u00e5n den moderna myndigheten.<br \/>\nJag har ocks\u00e5 jobbat f\u00f6r <em>N\u00e4ringsdepartementet<\/em> och <em>Vinnova<\/em> sen sist. Jag reser runt i <em>Hyresg\u00e4str\u00f6relsen<\/em> och har tr\u00e4ffat <em>SSU:are<\/em> p\u00e5 Bommersvik. Jag har f\u00f6rs\u00f6kt inspirera dessa unga socialdemokrater i deras jakt p\u00e5 nya ber\u00e4ttelser. Politiken och folkr\u00f6relserna beh\u00f6ver nya ber\u00e4ttelser och det \u00e4r sp\u00e4nnande f\u00f6r mig att f\u00e5 bidra med mina perspektiv.<br \/>\nJag har jobbat med chefer hos <em>Sweco Arkitekter<\/em> och tr\u00e4ffar nu flera kommuner och \u00e4ven delar av <em>Svenska Kyrkan<\/em>. Alla beh\u00f6ver sina ber\u00e4ttelser. Inte minst Svenska Kyrkan som ju har sv\u00e5rt att attrahera de unga f\u00f6r n\u00e4rvarande.<br \/>\n++++++++++++++++++++++++++++++++++++++++++++++++<br \/>\nJag har ocks\u00e5, i omg\u00e5ngar, tr\u00e4ffat alla chefer i <em>Landstinget i Kalmar l\u00e4n<\/em>. D\u00e4r har man stora ambitioner och tror att man p\u00e5 s\u00e4tt och vis kan ber\u00e4tta sig in i framtiden med hj\u00e4lp av sanna emotionella ber\u00e4ttelser om verkliga h\u00e4ndelser i landstingsv\u00e4rlden. Det tror jag ocks\u00e5.<br \/>\nH\u00e4r \u00e4r ett exempel p\u00e5 bem\u00f6tande. En ber\u00e4ttelse h\u00e4mtad fr\u00e5n sm\u00e5l\u00e4ndsk verklighet:<br \/>\n<em>&#8221;&#8221;Mamman skulle g\u00e5 med sin lille pojk f\u00f6r att visa upp en del utslag han hade p\u00e5 huden. De v\u00e4ntande nu i ett bes\u00f6ksrum n\u00e4r d\u00f6rren pl\u00f6tsligt \u00f6ppnades och doktorn stod d\u00e4r i vit rock och med stetoskopet h\u00e4ngande runt nacken.<br \/>\n\u2013 Hej min lille v\u00e4n, vad heter du d\u00e5? fr\u00e5gade doktorn. Pojken blev livr\u00e4dd och fl\u00f6g upp i mammans kn\u00e4.<br \/>\nDoktorn f\u00f6rstod att han misslyckats s\u00e5 han sa till mamman och pojken att han kommer strax igen. Han gick ut ur rummet och t\u00e4nkte stilla hed handen i hakan. Hur skulle han g\u00f6ra f\u00f6r att n\u00e5 fram till pojken. Skulle hen krypa? Nej &#8211; \u00e5la. Det skulle han.<br \/>\nHan la sig p\u00e5 mage, kastade stetoskopet upp p\u00e5 ryggen och \u00e5lade medelst hasning fram mot d\u00f6rren som han \u00f6ppnade med en huvudknyck. Han \u00e5lade fram till pojken och tittade upp p\u00e5 honom.<br \/>\n\u2013 Hej min lille pojke vad heter du d\u00e5, fr\u00e5gade doktorn.<br \/>\nPojken tittade p\u00e5 den \u00e5lande doktorn och svarade leende.<br \/>\n\u2013 Markus.<br \/>\nSen var detta l\u00f6st och doktorn fick unders\u00f6ka pojkens utslag.&#8221;<br \/>\nGullig barnhistoria. Javisst! Men ocks\u00e5 en ber\u00e4ttelse om bem\u00f6tande gentemot en av v\u00e5ra minsta.&#8221;<\/em><br \/>\n++++++++++++++++++++++++++++++++++++++++++++++++<br \/>\nBer\u00e4ttelserna b\u00e4r kulturen och kulturen finns i alla m\u00e4nskliga sammanhang oavsett om vi letar efter de kulturb\u00e4rande ber\u00e4ttelserna eller inte. Det \u00e4r en viktig framg\u00e5ngsfaktor att s\u00f6ka efter och sk\u00f6rda de sanna ber\u00e4ttelserna om man vill s\u00e4tta kulturkapitalet i arbete.<br \/>\nN\u00e4r jag tr\u00e4ffade SSU-ungdomarna utmanade jag dem genom att s\u00e4ga att de alla f\u00f6rmodligen har varit med om n\u00e5got  som gjorde att de valde att engagera sig i ungdomsf\u00f6rbundet. Jag bad dem t\u00e4nka efter, reflektera och ber\u00e4tta.<br \/>\nJag vet att varje individ b\u00e4r en liten del av det pussel som sammantaget \u00e4r organisationens varum\u00e4rke. En SSU-ber\u00e4ttelse som gjort starkt intryck p\u00e5 mig \u00e4r denna:<br \/>\n<em>&#8221; Det finns en ung man med irakisk bakgrund som i dag \u00e4r aktiv medlem i SSU.<br \/>\nHan var en ung pojke i 12-13-\u00e5rs\u00e5ldern n\u00e4r familjen tvingades fly fr\u00e5n Irak. Familjen tog v\u00e4gen via Iran d\u00e4r de v\u00e4ntade en tid f\u00f6r att d\u00e4refter f\u00f6rs\u00f6ka ta sig till Europa.<br \/>\nI v\u00e4ntan p\u00e5 m\u00f6jlighet att komma till Europa lekte pojken med n\u00e5gra andra barn p\u00e5 gatan i den iranska staden. De spelade fotboll, busade med varandra och h\u00e4ngde runt som barn g\u00f6r mest.<br \/>\nEn dag h\u00f6rde pojken att det skulle ske n\u00e5got sp\u00e4nnande n\u00e4sta dag borta i den stora parken. Det talades om att man skulle stena en kvinna till d\u00f6ds.<br \/>\nPojken f\u00f6rstod inte riktigt dramat utan tyckte att detta l\u00e4t som ett sp\u00e4nnande sk\u00e5despel som han g\u00e4rna ville se. Han ber\u00e4ttade f\u00f6r sin mamma att han t\u00e4nkte springa bort till parken dagen d\u00e4rp\u00e5  och titta p\u00e5 steningen av kvinnan.<br \/>\n\u2013 \u00c4r du inte klok, sa mamman. Du g\u00e5r ingenstans i morgon. Du stannar h\u00e4r i v\u00e5r bostad hela dagen. Det kommer aldrig p\u00e5 fr\u00e5ga att du f\u00e5r g\u00e5 dit och se p\u00e5 detta barbari.<br \/>\nPojken lydde f\u00f6rst\u00e5s sin mamma och stannade hemma hela n\u00e4sta dag. Mamman f\u00f6rs\u00f6kte genom samtal f\u00e5 honom att f\u00f6rst\u00e5 att detta vanvett var just en av orsakerna att de skulle l\u00e4mna landet.<br \/>\nN\u00e4sta dag fick han g\u00e5 ut igen och han och hans kompisar sprang d\u00e5 bort till parken f\u00f6r att se om det fanns n\u00e5gra sp\u00e5r efter steningen.<br \/>\nDet gjorde det.<br \/>\nDe kunde se kastade stenar och de s\u00e5g blodfl\u00e4ckar. Gropen var igenskottad och det fanns f\u00f6rst\u00e5s inga \u00e5sk\u00e5dare kvar p\u00e5 platsen.<br \/>\nN\u00e4r han stod d\u00e4r i skuggan av ett tr\u00e4d b\u00f6rjade han sakta utvecklas fr\u00e5n barn till ung man. Han f\u00f6rstod i detta isande \u00f6gonblick vad steningen visade.<br \/>\nHan lovade sig sj\u00e4lv i denna stund att om han n\u00e5gonsin kom till ett land d\u00e4r m\u00e4nskliga r\u00e4ttigheter g\u00e4llde s\u00e5 skulle han g\u00f6ra allt han kunde f\u00f6r att \u00f6vergrepp som dessa aldrig ska f\u00e5 intr\u00e4ffa. Ingenstans i v\u00e4rlden. Han skulle samarbeta med andra unga och jobba f\u00f6r en b\u00e4ttre v\u00e4rld.<br \/>\nN\u00e4r han kom till Sverige fr\u00e5gade han runt hur han kunde engagera sig f\u00f6r m\u00e4nskliga r\u00e4ttigheter. N\u00e5gon sa d\u00e5 &#8211; SSU.<br \/>\nD\u00e4rf\u00f6r \u00e4r han i dag aktiv i detta ungdomsf\u00f6rbund.&#8221;<\/em><br \/>\n++++++++++++++++++++++++++++++++++++++++++++++++<br \/>\nDen 14 februari \u00e4r du som prenumererar p\u00e5 mitt nyhetsbrev v\u00e4lkommen p\u00e5 ett seminarium som jag h\u00e5ller i Stockholm speciellt f\u00f6r er prenumeranter. Det \u00e4r gratis och vi tr\u00e4ffas p\u00e5 Hornsgatan 52 vid Mariatorget.<br \/>\nDet b\u00f6rjar 08.30 prick och h\u00e5ller p\u00e5 till 10.00. D\u00e4refter kan den som vill stanna och st\u00e4lla fr\u00e5gor g\u00f6ra det.<br \/>\nJag bjuder p\u00e5 kaffe.<br \/>\nJag vet att det kommer att bli fler som vill komma \u00e4n vad jag har plats f\u00f6r. D\u00e4rf\u00f6r g\u00e5r jag strikt p\u00e5 turordning. Den som anm\u00e4ler sig f\u00f6rst f\u00e5r f\u00f6rsta platsen och s\u00e5 vidare.<br \/>\nJag kommer att ber\u00e4tta om hur man arbetar med Storytelling. Jag svarar p\u00e5 era fr\u00e5gor och f\u00f6rs\u00f6ker anpassa mig s\u00e5 mycket jag kan efter era respektive organisationer och f\u00f6retag.<br \/>\nMin bok <strong><em>Storytelling befolkar varum\u00e4rket<\/em><\/strong> kommer jag att s\u00e4lja till den som vill f\u00f6r specialpriset 200 sek. Kontant mot kvitto.<br \/>\nJag \u00e5terkommer till er som fick plats efter att ni mejlat svaret Seminarium ja tack genom att v\u00e4nda detta mejl.<br \/>\n++++++++++++++++++++++++++++++++++++++++++++++++<br \/>\nDet var allt f\u00f6r denna g\u00e5ng. Jag som skriver nyhetsbrevet heter <strong>Matts Heijbel<\/strong>. Jag \u00e4r f\u00f6rfattare och journalist med socialantropologisk bakgrund.<br \/>\nJag arbetar sen tio \u00e5r med <em>Corporate Storytelling<\/em> och har som storyteller haft flera hundra uppdragsgivare i Sverige och utomlands.<br \/>\nNyhetsbrevet \u00e4r mitt s\u00e4tt att h\u00e5lla kontakt med m\u00e4nniskor som \u00e4r intresserade av denna emotionella kommunikation som leder f\u00f6retag och organisationer till framg\u00e5ng. Corporate Storytelling kan anv\u00e4ndas i rekrytering, ledarskap, marknadsf\u00f6ring, s\u00e4lj och i odlandet av starka varum\u00e4rken och f\u00f6retagskulturer.<br \/>\nVill du inte ha det l\u00e4ngre s\u00e5 v\u00e4nder du bara mejlet med ett Nej tack! s\u00e5 plockar jag bort dig ur s\u00e4ndlistan.<br \/>\nHej s\u00e5 l\u00e4nge h\u00e4lsar<br \/>\n<strong>Matts Heijbel<\/strong><br \/>\nStockholm \/ Gr\u00f6dinge 1 februari 2012<\/p>\n","protected":false},"excerpt":{"rendered":"<p>I dag har nyhetsbrev 68 g\u00e5tt fr\u00e5n Storytellers.se Antalet prenumeranter \u00e4r nu cirka 3.600. Vill du ocks\u00e5 ha det en g\u00e5ng i m\u00e5naden, sj\u00e4lvfallet kostnadsfritt, s\u00e5 kan du anm\u00e4la dig h\u00e4r med din mejladress: matts@storytellers.se Vill du l\u00e4sa 68:an s\u00e5 klicka p\u00e5 l\u00e4nken h\u00e4r under.<\/p>\n","protected":false},"author":2,"featured_media":0,"comment_status":"open","ping_status":"closed","sticky":false,"template":"","format":"standard","meta":[],"categories":[8],"tags":[],"_links":{"self":[{"href":"https:\/\/storytellers.se\/index.php?rest_route=\/wp\/v2\/posts\/3144"}],"collection":[{"href":"https:\/\/storytellers.se\/index.php?rest_route=\/wp\/v2\/posts"}],"about":[{"href":"https:\/\/storytellers.se\/index.php?rest_route=\/wp\/v2\/types\/post"}],"author":[{"embeddable":true,"href":"https:\/\/storytellers.se\/index.php?rest_route=\/wp\/v2\/users\/2"}],"replies":[{"embeddable":true,"href":"https:\/\/storytellers.se\/index.php?rest_route=%2Fwp%2Fv2%2Fcomments&post=3144"}],"version-history":[{"count":0,"href":"https:\/\/storytellers.se\/index.php?rest_route=\/wp\/v2\/posts\/3144\/revisions"}],"wp:attachment":[{"href":"https:\/\/storytellers.se\/index.php?rest_route=%2Fwp%2Fv2%2Fmedia&parent=3144"}],"wp:term":[{"taxonomy":"category","embeddable":true,"href":"https:\/\/storytellers.se\/index.php?rest_route=%2Fwp%2Fv2%2Fcategories&post=3144"},{"taxonomy":"post_tag","embeddable":true,"href":"https:\/\/storytellers.se\/index.php?rest_route=%2Fwp%2Fv2%2Ftags&post=3144"}],"curies":[{"name":"wp","href":"https:\/\/api.w.org\/{rel}","templated":true}]}}