{"id":3142,"date":"2012-01-20T09:07:16","date_gmt":"2012-01-20T08:07:16","guid":{"rendered":"http:\/\/heijbel.wordpress.com\/2012\/01\/20\/doktorn-alade-sig-in-till-patienten"},"modified":"2012-01-20T09:07:16","modified_gmt":"2012-01-20T08:07:16","slug":"doktorn-alade-sig-in-till-patienten","status":"publish","type":"post","link":"https:\/\/storytellers.se\/?p=3142","title":{"rendered":"Doktorn \u00e5lade sig in till patienten"},"content":{"rendered":"<p>Jag jobbar f\u00f6r n\u00e4rvarande med storytelling i Landstinget i Kalmar l\u00e4n. H\u00e4r \u00e4r en story fr\u00e5n den landstingsv\u00e4rlden:<br \/>\n<em>&#8221;Mamman skulle g\u00e5 med sin lille pojk f\u00f6r att visa upp en del utslag han hade p\u00e5 huden. De v\u00e4ntande nu i ett bes\u00f6ksrum n\u00e4r d\u00f6rren pl\u00f6tsligt \u00f6ppnades och doktorn stod d\u00e4r i vit rock och med stetoskopet h\u00e4ngande runt nacken.<br \/>\n\u2013 Hej min lille v\u00e4n, vad heter du d\u00e5? fr\u00e5gade doktorn. Pojken blev livr\u00e4dd och fl\u00f6g upp i mammans kn\u00e4.<br \/>\nDoktorn f\u00f6rstod att han misslyckats s\u00e5 han sa till mamman och pojken att han kommer strax igen. Han gick ut ur rummet och t\u00e4nkte stilla hed handen i hakan. Hur skulle han g\u00f6ra f\u00f6r att n\u00e5 fram till pojken. Skulle hen krypa? Nej &#8211; \u00e5la. Det skulle han.<br \/>\nHan la sig p\u00e5 mage, kastade stetoskopet upp p\u00e5 ryggen och \u00e5lade medelst hasning fram mot d\u00f6rren som han \u00f6ppnade med en huvudknyck. Han \u00e5lade fram till pojken och tittade upp p\u00e5 honom.<br \/>\n\u2013 Hej min lille pojke vad heter du d\u00e5, fr\u00e5gade doktorn.<br \/>\nPojken tittade p\u00e5 den \u00e5lande doktorn och svarade leende.<br \/>\n\u2013 Markus.<br \/>\nSen var detta l\u00f6st och doktorn fick unders\u00f6ka pojkens utslag.&#8221;<\/em><br \/>\nGullig barnhistoria. Javisst! Men ocks\u00e5 en ber\u00e4ttelse om bem\u00f6tande gentemot en av v\u00e5ra minsta.<br \/>\n<\/em><\/p>\n","protected":false},"excerpt":{"rendered":"<p>Jag jobbar f\u00f6r n\u00e4rvarande med storytelling i Landstinget i Kalmar l\u00e4n. H\u00e4r \u00e4r en story fr\u00e5n den landstingsv\u00e4rlden: &#8221;Mamman skulle g\u00e5 med sin lille pojk f\u00f6r att visa upp en del utslag han hade p\u00e5 huden. De v\u00e4ntande nu i ett bes\u00f6ksrum n\u00e4r d\u00f6rren pl\u00f6tsligt \u00f6ppnades och doktorn stod d\u00e4r i vit rock och med&#8230;<\/p>\n","protected":false},"author":2,"featured_media":0,"comment_status":"open","ping_status":"closed","sticky":false,"template":"","format":"standard","meta":[],"categories":[4],"tags":[],"_links":{"self":[{"href":"https:\/\/storytellers.se\/index.php?rest_route=\/wp\/v2\/posts\/3142"}],"collection":[{"href":"https:\/\/storytellers.se\/index.php?rest_route=\/wp\/v2\/posts"}],"about":[{"href":"https:\/\/storytellers.se\/index.php?rest_route=\/wp\/v2\/types\/post"}],"author":[{"embeddable":true,"href":"https:\/\/storytellers.se\/index.php?rest_route=\/wp\/v2\/users\/2"}],"replies":[{"embeddable":true,"href":"https:\/\/storytellers.se\/index.php?rest_route=%2Fwp%2Fv2%2Fcomments&post=3142"}],"version-history":[{"count":0,"href":"https:\/\/storytellers.se\/index.php?rest_route=\/wp\/v2\/posts\/3142\/revisions"}],"wp:attachment":[{"href":"https:\/\/storytellers.se\/index.php?rest_route=%2Fwp%2Fv2%2Fmedia&parent=3142"}],"wp:term":[{"taxonomy":"category","embeddable":true,"href":"https:\/\/storytellers.se\/index.php?rest_route=%2Fwp%2Fv2%2Fcategories&post=3142"},{"taxonomy":"post_tag","embeddable":true,"href":"https:\/\/storytellers.se\/index.php?rest_route=%2Fwp%2Fv2%2Ftags&post=3142"}],"curies":[{"name":"wp","href":"https:\/\/api.w.org\/{rel}","templated":true}]}}