{"id":3138,"date":"2012-01-02T17:26:25","date_gmt":"2012-01-02T16:26:25","guid":{"rendered":"http:\/\/heijbel.wordpress.com\/2012\/01\/02\/kanal-5-fick-tva-sidor-i-di"},"modified":"2012-01-02T17:26:25","modified_gmt":"2012-01-02T16:26:25","slug":"kanal-5-fick-tva-sidor-i-di","status":"publish","type":"post","link":"https:\/\/storytellers.se\/?p=3138","title":{"rendered":"Kanal 5 fick tv\u00e5 sidor i DI"},"content":{"rendered":"<p>Jag l\u00e4ser att TV3  har det besv\u00e4rligt. N\u00e4r <em>Kanal 5<\/em> fyllde femton 2004 skrev jag en &#8221;storybook&#8221; \u00e5t f\u00f6retaget som beh\u00f6vde en samlande ber\u00e4ttelse. Snitt\u00e5ldern hos medarbetarna var d\u00e5 29 \u00e5r s\u00e5 f\u00f6r dem hade kanalen i stort sett alltid funnits men de hade ingen Corporate Story. Det blev ett 40-tal anekdoter om den kommersiella uppstickaren som utmanade public service och Stenb\u00e4cks TV3.<br \/>\nN\u00e4r kanalen senare korades till Sveriges b\u00e4sta arbetsplats var <em>Dagens Industri <\/em>tvungen att skriva om Kanal 5 trots att kanalen inte fanns p\u00e5 Stockholmsb\u00f6rsen. Journalisten kunde inte motst\u00e5 v\u00e5r ber\u00e4ttelse. Eftersom den var sann blev det ett helt tidningsuppslag om Kanal 5 och dess kultur i DI. Det blev en PR-vinst av kaliber.<br \/>\nSlutsats: F\u00e5nga upp de sanna ber\u00e4ttelserna om verkliga h\u00e4ndelser s\u00e5 \u00f6kar m\u00f6jligheten att p\u00e5verka vad som skrivs och s\u00e4gs i media.<br \/>\nS\u00e5 <a href=\"http:\/\/kanal5.se\/web\/guest\/omkanal5\/-\/artikel\/av\/gS1M\/1097\/7032\/1.0\"><em><strong>h\u00e4r<\/strong><\/em><\/a> beskriver Kanal 5 sin historia i dag.<\/p>\n","protected":false},"excerpt":{"rendered":"<p>Jag l\u00e4ser att TV3 har det besv\u00e4rligt. N\u00e4r Kanal 5 fyllde femton 2004 skrev jag en &#8221;storybook&#8221; \u00e5t f\u00f6retaget som beh\u00f6vde en samlande ber\u00e4ttelse. Snitt\u00e5ldern hos medarbetarna var d\u00e5 29 \u00e5r s\u00e5 f\u00f6r dem hade kanalen i stort sett alltid funnits men de hade ingen Corporate Story. Det blev ett 40-tal anekdoter om den kommersiella&#8230;<\/p>\n","protected":false},"author":2,"featured_media":0,"comment_status":"open","ping_status":"closed","sticky":false,"template":"","format":"standard","meta":[],"categories":[4],"tags":[],"_links":{"self":[{"href":"https:\/\/storytellers.se\/index.php?rest_route=\/wp\/v2\/posts\/3138"}],"collection":[{"href":"https:\/\/storytellers.se\/index.php?rest_route=\/wp\/v2\/posts"}],"about":[{"href":"https:\/\/storytellers.se\/index.php?rest_route=\/wp\/v2\/types\/post"}],"author":[{"embeddable":true,"href":"https:\/\/storytellers.se\/index.php?rest_route=\/wp\/v2\/users\/2"}],"replies":[{"embeddable":true,"href":"https:\/\/storytellers.se\/index.php?rest_route=%2Fwp%2Fv2%2Fcomments&post=3138"}],"version-history":[{"count":0,"href":"https:\/\/storytellers.se\/index.php?rest_route=\/wp\/v2\/posts\/3138\/revisions"}],"wp:attachment":[{"href":"https:\/\/storytellers.se\/index.php?rest_route=%2Fwp%2Fv2%2Fmedia&parent=3138"}],"wp:term":[{"taxonomy":"category","embeddable":true,"href":"https:\/\/storytellers.se\/index.php?rest_route=%2Fwp%2Fv2%2Fcategories&post=3138"},{"taxonomy":"post_tag","embeddable":true,"href":"https:\/\/storytellers.se\/index.php?rest_route=%2Fwp%2Fv2%2Ftags&post=3138"}],"curies":[{"name":"wp","href":"https:\/\/api.w.org\/{rel}","templated":true}]}}