{"id":3130,"date":"2011-12-28T12:42:13","date_gmt":"2011-12-28T11:42:13","guid":{"rendered":"http:\/\/heijbel.wordpress.com\/2011\/12\/28\/kulturen-finns-oavsett"},"modified":"2011-12-28T12:42:13","modified_gmt":"2011-12-28T11:42:13","slug":"kulturen-finns-oavsett","status":"publish","type":"post","link":"https:\/\/storytellers.se\/?p=3130","title":{"rendered":"Kulturen finns oavsett"},"content":{"rendered":"<p>Alla m\u00e4nskliga sammanhang har sin kultur och kulturen uttrycks i organisationens ber\u00e4ttelser. Slutar man ber\u00e4tta s\u00e5 tynar kulturen och d\u00e4rmed organisationen. Detta \u00e4r en naturlag.<br \/>\nF\u00f6retag, eller organisationer, som inte tar vara p\u00e5 sitt kulturkapital -s\u00e5 som det visas i de sanna ber\u00e4ttelserna om dem sj\u00e4lva, deras varor och tj\u00e4nster och deras kunder- avst\u00e5r fr\u00e5n en aff\u00e4rsdrivande framg\u00e5ngsfaktor. Kapital ska n\u00e4mligen arbeta, s\u00e5 ocks\u00e5 kulturkapital.<br \/>\nD\u00e4rf\u00f6r \u00e4r Corporate Storytelling inget man egentligen kan komma undan. Det ber\u00e4ttas \u00e4nd\u00e5 s\u00e5 l\u00e4nge organisationen lever. Fr\u00e5gan \u00e4r egentligen: Kan man avst\u00e5 fr\u00e5n att engagera sig i detta faktum? Kan man blunda f\u00f6r denna aff\u00e4rsdrivande framg\u00e5ngsfaktor?<\/p>\n","protected":false},"excerpt":{"rendered":"<p>Alla m\u00e4nskliga sammanhang har sin kultur och kulturen uttrycks i organisationens ber\u00e4ttelser. Slutar man ber\u00e4tta s\u00e5 tynar kulturen och d\u00e4rmed organisationen. Detta \u00e4r en naturlag. F\u00f6retag, eller organisationer, som inte tar vara p\u00e5 sitt kulturkapital -s\u00e5 som det visas i de sanna ber\u00e4ttelserna om dem sj\u00e4lva, deras varor och tj\u00e4nster och deras kunder- avst\u00e5r fr\u00e5n&#8230;<\/p>\n","protected":false},"author":2,"featured_media":0,"comment_status":"open","ping_status":"closed","sticky":false,"template":"","format":"standard","meta":[],"categories":[2],"tags":[],"_links":{"self":[{"href":"https:\/\/storytellers.se\/index.php?rest_route=\/wp\/v2\/posts\/3130"}],"collection":[{"href":"https:\/\/storytellers.se\/index.php?rest_route=\/wp\/v2\/posts"}],"about":[{"href":"https:\/\/storytellers.se\/index.php?rest_route=\/wp\/v2\/types\/post"}],"author":[{"embeddable":true,"href":"https:\/\/storytellers.se\/index.php?rest_route=\/wp\/v2\/users\/2"}],"replies":[{"embeddable":true,"href":"https:\/\/storytellers.se\/index.php?rest_route=%2Fwp%2Fv2%2Fcomments&post=3130"}],"version-history":[{"count":0,"href":"https:\/\/storytellers.se\/index.php?rest_route=\/wp\/v2\/posts\/3130\/revisions"}],"wp:attachment":[{"href":"https:\/\/storytellers.se\/index.php?rest_route=%2Fwp%2Fv2%2Fmedia&parent=3130"}],"wp:term":[{"taxonomy":"category","embeddable":true,"href":"https:\/\/storytellers.se\/index.php?rest_route=%2Fwp%2Fv2%2Fcategories&post=3130"},{"taxonomy":"post_tag","embeddable":true,"href":"https:\/\/storytellers.se\/index.php?rest_route=%2Fwp%2Fv2%2Ftags&post=3130"}],"curies":[{"name":"wp","href":"https:\/\/api.w.org\/{rel}","templated":true}]}}