{"id":3128,"date":"2011-12-21T14:31:28","date_gmt":"2011-12-21T13:31:28","guid":{"rendered":"http:\/\/heijbel.wordpress.com\/2011\/12\/21\/nyhetsbrev-67-skatteverket-berattar"},"modified":"2011-12-21T14:31:28","modified_gmt":"2011-12-21T13:31:28","slug":"nyhetsbrev-67-skatteverket-berattar","status":"publish","type":"post","link":"https:\/\/storytellers.se\/?p=3128","title":{"rendered":"Nyhetsbrev 67: Skatteverket ber\u00e4ttar"},"content":{"rendered":"<p>I dag har det 67e nyhetsbrevet g\u00e5tt ut fr\u00e5n storytellers.se. Vill du ocks\u00e5 vara prenumerant s\u00e5 anm\u00e4l dig till <a href=\"mailto:matts@storytellers.se\">matts@storytellers.se<\/a> det \u00e4r sj\u00e4lvfallet gratis och du kan s\u00e4ga upp det n\u00e4r du vill genom att v\u00e4nda ett nyhetsbrev med uppmaningen: <strong>Nej tack<\/strong> s\u00e5 tar jag bort dig igen.<br \/>\nAntalet prenumeranter \u00e4r nu n\u00e4rmare 3600.<br \/>\nDet aktuella brevet finns p\u00e5 l\u00e4nken h\u00e4r under<\/p>\n<p><!--more--><br \/>\nNyhetsbrev 67<br \/>\nHej Storytellerv\u00e4n. S\u00e5 var det dags f\u00f6r <em>Nyhetsbrev nr 67<\/em> fr\u00e5n Storytellers. Du f\u00e5r det h\u00e4r f\u00f6r att du anm\u00e4lt dig via n\u00e4tet eller f\u00f6r att du varit p\u00e5 n\u00e5gra av mina seminarier och skrivit upp dig eller f\u00f6r att vi har samarbetat i storytellingsammanhang.<br \/>\nNi \u00e4r n\u00e4rmare 3600 prenumeranter nu.<br \/>\nI nyhetsbreven tar jag upp tankar och h\u00e4ndelser kring storytelling som passerat mitt huvud och storytellinghj\u00e4rta sen sist. Jag som skriver brevet heter <strong>Matts Heijbel<\/strong>. Jag \u00e4r f\u00f6rfattare och journalist med socialantropologisk bakgrund och jag arbetar envetet med storytelling i och om organisationer sen drygt tio \u00e5r.<br \/>\n++++++++++++++++++++++++++++++++++++++++++++++++++++<br \/>\nVi \u00e4r alla m\u00e4nniskor. N\u00e4r vi uttrycker detta att vara m\u00e4nniska ber\u00e4ttar vi fr\u00e5n hj\u00e4rtat var vi kommer ifr\u00e5n, var vi befinner oss, vart vi \u00e4r p\u00e5 v\u00e4g och meningen med att vi \u00f6verhuvudtaget finns till som del av en flock.<br \/>\nDetta g\u00e4ller allts\u00e5 \u00e4ven p\u00e5 jobbet, d\u00e4r vi tillbringar en stor del av v\u00e5r vakna tid. Tribens folklore om allt detta och om varf\u00f6r v\u00e5ra kunder \/ klienter \/ \u00e4gare \/ medarbetare ska f\u00f6rst\u00e5 denna kultur \u00e4r utmaningen i <em>Corporate Storytelling<\/em>.<br \/>\nDet g\u00e4ller allts\u00e5 \u00e4ven f\u00f6r f\u00f6retag, myndigheter, kommuner och ideella organisationer. B\u00e4sta storyn vinner och utan story finns du helt enkelt inte.<br \/>\nS\u00f6k och sk\u00f6rda ber\u00e4ttelser som befolkar varum\u00e4rket och begripligg\u00f6r d\u00e4rf\u00f6r era varor, tj\u00e4nster eller myndighetsuppdrag.<br \/>\n+++++++++++++++++++++++++++++++++++++++++++++++++++++<br \/>\nJag \u00e4r nu bland annat involverad i ett r\u00e4tt stort storytellingprojekt f\u00f6r <em>Skatteverket M\u00e4lardalen<\/em>. Jag har ocks\u00e5 haft tillf\u00e4lle att tr\u00e4ffa de centrala kommunikat\u00f6rerna i <em>Skatteverket<\/em> sen vi h\u00f6rdes senast.<br \/>\nSkatteverket vill att det ska vara l\u00e4tt att g\u00f6ra r\u00e4tt och de vill bygga en modern servicemyndighet med ett \u00f6ppet ansikte. En myndighet som bland annat vill framst\u00e5 som offensiv och hj\u00e4lpsam. D\u00e5 kan ber\u00e4ttelser fr\u00e5n verkligheten vara anv\u00e4ndbara som till exempel den h\u00e4r om mannen som v\u00e4cktes av en gryningsr\u00e4d:<br \/>\n<em>&#8221;Ibland f\u00e5r Skatteverket och Kronofogden domstolsbeslut som g\u00f6r att de kan komma oanm\u00e4lda f\u00f6r att s\u00f6ka igenom en bostad eller ett kontor. Som i det h\u00e4r fallet med en man i 35-\u00e5rs\u00e5ldern som fick r\u00e4tt stora belopp insatta p\u00e5 sina bankkonton utan att han redovisade pengarna i sina deklarationer. Han var inte registrerad som n\u00e4ringsidkare.<br \/>\nMannen var teknisk konsult och utbildare via Internet. Hans kunder fanns \u00f6ver stora delar av v\u00e4rlden vilket innebar att han ofta satt hemma i sin l\u00e4genhet och jobbade p\u00e5 n\u00e4tterna n\u00e4r kunderna i andra delar av v\u00e4rlden var vakna.<br \/>\nHan var en v\u00e4lutbildad, it-kunnig person. N\u00e5got av en datan\u00f6rd som levde ensam i sin tv\u00e5a och som inte hade skaffat sig n\u00e5gon familj. Kanske delvis f\u00f6r att han sov n\u00e4r andra var vakna.<br \/>\nTidigt en morgon ringde det p\u00e5 d\u00f6rren. Han gnuggade \u00f6gonen och plockade \u00e5t sig sin morgonrock. Han hasade mot d\u00f6rren i sina tofflor medan d\u00f6rrklockan ringde upprepade g\u00e5nger.<br \/>\n\u2013\tJag kommer, ropade han.<br \/>\nN\u00e4r han \u00f6ppnade d\u00f6rren stod d\u00e4r en skatterevisor och en kronofogde som beg\u00e4rde att f\u00e5 komma in. I handen hade de revisionsbeslut och domstolsbeslut. Nu skulle de tillsammans med sina experter s\u00f6ka igenom datan\u00f6rdens hem och hans dator i jakt p\u00e5 bevis att han undanh\u00f6ll pengar.<br \/>\nMannen ins\u00e5g att det inte var mycket att g\u00f6ra \u00e5t det hela. Medan han satt med och sm\u00e5pratade i k\u00f6ket med den ansvarige fr\u00e5n Skatteverket kopierades hans h\u00e5rddiskar och man s\u00f6kte igenom l\u00e4genheten fr\u00e5n golv till tak.<br \/>\nI en kartong i garderoben hittades 90.000 kronor i kontanter.<br \/>\n\u2013\tJag ville v\u00e4l h\u00e5lla undan dem fr\u00e5n Skatteverket suckade han.<br \/>\nKontoutdrag visade att pengar ocks\u00e5 sattes in p\u00e5 ett konto i Schweiz. D\u00e5 tittade han vemodigt ut genom k\u00f6ksf\u00f6nstret och satte sen l\u00e5ngsamt p\u00e5 kaffebryggaren s\u00e5 att han och skatterevisorn skulle f\u00e5 sig en kopp. De satt och sm\u00e5pratade medan det v\u00e4ndes och plockades i rummen.<br \/>\nN\u00e4r skatterevisorn och mannen tr\u00e4ffades n\u00e5gra dagar senare hade revisorn med sig blanketter f\u00f6r att registrera mannen f\u00f6r moms och arbetsgivaravgifter, vilket han genast gjorde. Mannen kr\u00e4vdes senare p\u00e5 skatter och skattetill\u00e4gg.<br \/>\nNumera har han regelbunden kontakt med Skatteverket. Han ber om r\u00e5d, g\u00e5r p\u00e5 informationsm\u00f6ten och f\u00f6rs\u00f6ker g\u00f6ra allting r\u00e4tt med utlandsmoms och andra uppgifter.<br \/>\nF\u00f6r honom blev gryningsr\u00e4den ett uppvaknande och han har vant sig vid tanken att vara en del av systemet trots att han jobbar via n\u00e4tet och i stor utstr\u00e4ckning internationellt.&#8221;<\/em><br \/>\nEn ber\u00e4ttelse om Skatteverket som visar b\u00e5de en offensiv och hj\u00e4lpsam h\u00e5llning. Skatteverket har f\u00f6r \u00f6vrigt nyligen f\u00e5tt pris bland annat f\u00f6r sitt arbete med bem\u00f6tande och service ocks\u00e5 i sv\u00e5ra situationer som i denna ber\u00e4ttelse.<br \/>\n+++++++++++++++++++++++++++++++++++++++++++++++++++++<br \/>\nJag l\u00e4ste att<strong> Ingmar Bergmans<\/strong> anteckningslappar till hush\u00e5llerskan gick p\u00e5 auktion f\u00f6r v\u00e4ldigt stora belopp. Lappar om att k\u00f6pa ost eller n\u00e5got annat vardagligt f\u00e5r ett v\u00e4rde eftersom de visar n\u00e5got om en stor svensk konstn\u00e4r. Han \u00e4r skrivit dem och \u00e4gt dem. De har god proveniens skulle de s\u00e4ga p\u00e5 <em>Antikrundan<\/em>.<br \/>\nCorporate Storytelling \u00e4r i regel inte s\u00e5 inriktad p\u00e5 det f\u00f6rflutna. I st\u00e4llet handlar det mest om att s\u00f6ka och bygga ber\u00e4ttelser som leder till framtida utveckling. Organisationsutveckling, rekrytering och fram\u00e5triktande ledarskap. Och ber\u00e4ttelser som adderar v\u00e4rden till det man s\u00e4ljer.<br \/>\nDet hindrar \u00e4nd\u00e5 inte att f\u00f6retagen ocks\u00e5 kan spara och visa upp &#8221;v\u00e4rdel\u00f6sa&#8221; lappar eller f\u00f6rem\u00e5l som visar n\u00e5got viktigt om organisationens kompetens som har relevans \u00e4n i dag. Som n\u00e4r besiktningsf\u00f6retaget sparar en n\u00e4stan avsliten vajer f\u00f6r att visa att de var och \u00e4r framme i tid. Det \u00e4r deras uppgift. Eller kanske anteckningar fr\u00e5n ett m\u00f6te d\u00e5 viktiga framtidsbeslut fattades som vi beh\u00f6ver bli p\u00e5minda om som en del av en kultur. Vi kan beh\u00f6va p\u00e5minnas om att framtiden alltid finns omkring och ibland oss.<br \/>\nJag hade en g\u00e5ng uppdrag f\u00f6r ett mjukvaruutvecklingsf\u00f6retag som ville st\u00e4lla sin f\u00f6rsta pc i en monter f\u00f6r att medarbetare och kunder skulle bli p\u00e5minda om grundarens tidiga insatser som b\u00e4ddade f\u00f6r dagens framg\u00e5ngar.<br \/>\n+++++++++++++++++++++++++++++++++++++++++++++++++++++<br \/>\nDet intr\u00e4ffar m\u00e4nskliga m\u00f6ten varje dag i och kring f\u00f6retag och organisationer. M\u00f6tens som kommer att leva kvar som ber\u00e4ttelser. Som ett kulturkapital l\u00e5ngt in i framtiden. Som visar vad vi som organisation menar n\u00e4r vi s\u00e4ger att vi \u00e4r exempelvis \u00f6ppna, p\u00e5litliga och st\u00f6djande i v\u00e5r verksamhet.<br \/>\nJust nu \u00e4r jag involverad i f\u00f6rskolor och skolar i <em>Nacka kommun<\/em>. De kommunala skolorna i Nacka \u00e4r framg\u00e5ngsrika och kommunen satsar h\u00e5rt p\u00e5 att bli b\u00e4st p\u00e5 skolfronten, inte bara i kommunen utan i landet.<br \/>\nD\u00e5 beh\u00f6ver de ber\u00e4ttelser som st\u00e4rker denna bild och bevisar att de lever som de l\u00e4r. Kan dessa ber\u00e4ttelser f\u00e5 spridning s\u00e5 lockar de till sig de b\u00e4sta l\u00e4rarna och skolledarna. Och elever kan dras dit med r\u00e4tt ber\u00e4ttelser. Dessa ber\u00e4ttelser finns redan i kulturen och det \u00e4r dessa Nacka nu sk\u00f6rdar och s\u00e4tter i arbete.<br \/>\n+++++++++++++++++++++++++++++++++++++++++++++++++++++<br \/>\nJag har i de senaste nyhetsbreven delat ut lite biljetter till mina seminarier. Principen \u00e4r att de som svarat f\u00f6rst att de vill ha en biljett f\u00e5r en. Den h\u00e4r g\u00e5ngen t\u00e4nkte jag dela ut tv\u00e5 ex av min bok <strong><em>Storytelling befolkar varum\u00e4rket<\/em><\/strong>. De tv\u00e5 som f\u00f6rst svarar: Bok Ja Tack! kommer att f\u00e5 en bok med posten.<br \/>\n+++++++++++++++++++++++++++++++++++++++++++++++++++++<br \/>\nDet var allt f\u00f6r denna g\u00e5ng. Jag som skrev heter <strong>Matts Heijbel<\/strong>. Om du inte vill vara med p\u00e5 s\u00e4ndlistan l\u00e4ngre s\u00e5 svara med ett Nej Tack s\u00e5 plockar jag genast bort dig. De av er som varit med fr\u00e5n b\u00f6rjan har nu f\u00e5tt 67 stycken nyhetsbrev. Det finns ett nyhetsbrevsarkiv p\u00e5 storytellers.se om du vill se vad de har handlat om genom \u00e5ren.<br \/>\nTack f\u00f6r den h\u00e4r g\u00e5ngen.<br \/>\nStockholm \/ Gr\u00f6dinge 21 december 2011<br \/>\n<strong>Matts Heijbel<\/strong><\/p>\n","protected":false},"excerpt":{"rendered":"<p>I dag har det 67e nyhetsbrevet g\u00e5tt ut fr\u00e5n storytellers.se. Vill du ocks\u00e5 vara prenumerant s\u00e5 anm\u00e4l dig till matts@storytellers.se det \u00e4r sj\u00e4lvfallet gratis och du kan s\u00e4ga upp det n\u00e4r du vill genom att v\u00e4nda ett nyhetsbrev med uppmaningen: Nej tack s\u00e5 tar jag bort dig igen. Antalet prenumeranter \u00e4r nu n\u00e4rmare 3600. Det&#8230;<\/p>\n","protected":false},"author":2,"featured_media":0,"comment_status":"open","ping_status":"closed","sticky":false,"template":"","format":"standard","meta":[],"categories":[8],"tags":[],"_links":{"self":[{"href":"https:\/\/storytellers.se\/index.php?rest_route=\/wp\/v2\/posts\/3128"}],"collection":[{"href":"https:\/\/storytellers.se\/index.php?rest_route=\/wp\/v2\/posts"}],"about":[{"href":"https:\/\/storytellers.se\/index.php?rest_route=\/wp\/v2\/types\/post"}],"author":[{"embeddable":true,"href":"https:\/\/storytellers.se\/index.php?rest_route=\/wp\/v2\/users\/2"}],"replies":[{"embeddable":true,"href":"https:\/\/storytellers.se\/index.php?rest_route=%2Fwp%2Fv2%2Fcomments&post=3128"}],"version-history":[{"count":0,"href":"https:\/\/storytellers.se\/index.php?rest_route=\/wp\/v2\/posts\/3128\/revisions"}],"wp:attachment":[{"href":"https:\/\/storytellers.se\/index.php?rest_route=%2Fwp%2Fv2%2Fmedia&parent=3128"}],"wp:term":[{"taxonomy":"category","embeddable":true,"href":"https:\/\/storytellers.se\/index.php?rest_route=%2Fwp%2Fv2%2Fcategories&post=3128"},{"taxonomy":"post_tag","embeddable":true,"href":"https:\/\/storytellers.se\/index.php?rest_route=%2Fwp%2Fv2%2Ftags&post=3128"}],"curies":[{"name":"wp","href":"https:\/\/api.w.org\/{rel}","templated":true}]}}