{"id":3110,"date":"2011-10-21T13:36:01","date_gmt":"2011-10-21T12:36:01","guid":{"rendered":"http:\/\/heijbel.wordpress.com\/2011\/10\/21\/hylteberattelser"},"modified":"2011-10-21T13:36:01","modified_gmt":"2011-10-21T12:36:01","slug":"hylteberattelser","status":"publish","type":"post","link":"https:\/\/storytellers.se\/?p=3110","title":{"rendered":"Hylteber\u00e4ttelser"},"content":{"rendered":"<p>I g\u00e5r var jag inbjuden till ett ledarseminarium f\u00f6r cheferna i <em>Hyltebruk<\/em>. Det var den lilla landsbygdskommunen Hylte p\u00e5 gr\u00e4nsen mellan Sm\u00e5land och Halland som hade samlat ett 50-tal chefer och temat var just storytelling som kommunikationsverktyg f\u00f6r kommuner. Hylte kommun ligger utmed Nissastigen i ett hav med granskog sp\u00e4ckad med sm\u00e5sj\u00f6ar sj\u00f6n Bolmen och med n\u00e5gra mindre orter som dyker upp h\u00e4r och var i n\u00e5gon gl\u00e4nta i skogen. Hylte delar med sig av sitt Bolmenvatten i en tunnel till Sk\u00e5ne d\u00e4r bland annat Lund f\u00e5r vatten. Det h\u00e4r \u00e4r vid sidan av <em>Stora Enso<\/em> en del entrepren\u00f6rsb\u00e4ltet och kommunen \u00e4r den \u00e5ttonde mest f\u00f6retagarv\u00e4nliga i Sverige.<br \/>\nMen nu handlade det om kommunstories&#8230;<\/p>\n<p><!--more--><br \/>\n&#8230;det vill s\u00e4ga ber\u00e4ttelser som visar vad den kommunala organisation kan och vill och g\u00f6r f\u00f6r att serva medborgarna och f\u00f6retagen p\u00e5 b\u00e4sta s\u00e4tt. Ber\u00e4ttelser om h\u00e4ndelser.<br \/>\nSom n\u00e4r bussen \u00e5ker runt i kommunen och plockar upp \u00e5ldringar och k\u00f6r dem till dans i kommunens regi. Senast f\u00f6r bara n\u00e5gra dagar sedan h\u00e4mtade kommunens bussar 80 pension\u00e4rer till dans.<br \/>\nSen sitter n\u00e5gra kommunanst\u00e4llda diskret i k\u00f6ket medan de gamla leker loss p\u00e5 dansgolvet. F\u00f6r m\u00e5nga av de gamla har det g\u00e5tt \u00e5ratal sen sist. Flammande varma och r\u00f6dkindade kramade de gamla kommunens personal och talade uppskattande om att de tyckte det var bra att kommunfolket h\u00f6ll sig undan i k\u00f6ket.<br \/>\nEn dam sa att hon k\u00e4nde sig 30 \u00e5r yngre.<br \/>\nDetta ing\u00e5r som en del av kommunens friskv\u00e5rdsarbete.<br \/>\nJag gav under ledardagen exempel fr\u00e5n en del av de cirka femton kommuner jag hj\u00e4lpt tidigare med storytelling. Det finns s\u00e5 mycket gott att ber\u00e4tta om kommuners m\u00e4nniskon\u00e4ra verksamheter. Jag visade min metod att sk\u00f6rda dessa ber\u00e4ttelser och s\u00e4tta dem i arbete.<br \/>\nDe negativa ber\u00e4ttelserna om missf\u00f6rh\u00e5llande t\u00e4cks ju som regel upp redan av lokala media. Men \u00e4ven en kommun har r\u00e4tt att stajla sig med lite bra stories.<\/p>\n","protected":false},"excerpt":{"rendered":"<p>I g\u00e5r var jag inbjuden till ett ledarseminarium f\u00f6r cheferna i Hyltebruk. Det var den lilla landsbygdskommunen Hylte p\u00e5 gr\u00e4nsen mellan Sm\u00e5land och Halland som hade samlat ett 50-tal chefer och temat var just storytelling som kommunikationsverktyg f\u00f6r kommuner. Hylte kommun ligger utmed Nissastigen i ett hav med granskog sp\u00e4ckad med sm\u00e5sj\u00f6ar sj\u00f6n Bolmen och&#8230;<\/p>\n","protected":false},"author":2,"featured_media":0,"comment_status":"open","ping_status":"closed","sticky":false,"template":"","format":"standard","meta":[],"categories":[2],"tags":[],"_links":{"self":[{"href":"https:\/\/storytellers.se\/index.php?rest_route=\/wp\/v2\/posts\/3110"}],"collection":[{"href":"https:\/\/storytellers.se\/index.php?rest_route=\/wp\/v2\/posts"}],"about":[{"href":"https:\/\/storytellers.se\/index.php?rest_route=\/wp\/v2\/types\/post"}],"author":[{"embeddable":true,"href":"https:\/\/storytellers.se\/index.php?rest_route=\/wp\/v2\/users\/2"}],"replies":[{"embeddable":true,"href":"https:\/\/storytellers.se\/index.php?rest_route=%2Fwp%2Fv2%2Fcomments&post=3110"}],"version-history":[{"count":0,"href":"https:\/\/storytellers.se\/index.php?rest_route=\/wp\/v2\/posts\/3110\/revisions"}],"wp:attachment":[{"href":"https:\/\/storytellers.se\/index.php?rest_route=%2Fwp%2Fv2%2Fmedia&parent=3110"}],"wp:term":[{"taxonomy":"category","embeddable":true,"href":"https:\/\/storytellers.se\/index.php?rest_route=%2Fwp%2Fv2%2Fcategories&post=3110"},{"taxonomy":"post_tag","embeddable":true,"href":"https:\/\/storytellers.se\/index.php?rest_route=%2Fwp%2Fv2%2Ftags&post=3110"}],"curies":[{"name":"wp","href":"https:\/\/api.w.org\/{rel}","templated":true}]}}