{"id":3106,"date":"2011-10-19T13:55:30","date_gmt":"2011-10-19T12:55:30","guid":{"rendered":"http:\/\/heijbel.wordpress.com\/2011\/10\/19\/make-it-great"},"modified":"2011-10-19T13:55:30","modified_gmt":"2011-10-19T12:55:30","slug":"make-it-great","status":"publish","type":"post","link":"https:\/\/storytellers.se\/?p=3106","title":{"rendered":"Make it Great"},"content":{"rendered":"<p>Den f\u00f6rsta december deltar jag i ett heldagsseminarium i Stockholm som kallas<em> &#8221;Riktig employer branding &#8211; inifr\u00e5n och ut!&#8221;<\/em><br \/>\nArrang\u00f6r \u00e4r det internationella organisationsutvecklingsf\u00f6retaget <em>Great Place to Work<\/em> som finns i 40 l\u00e4nder, d\u00e4ribland Sverige. Jag talar under rubriken <strong><em>Corporate Storytelling &#8211; en guldgruva<\/em><\/strong>. Jag tar bland annat upp betydelsen av att v\u00e4l avv\u00e4gda och sanna ber\u00e4ttelser f\u00f6r att attrahera de medarbetare man s\u00f6ker f\u00f6r att utveckla verksamheten och f\u00e5 folk att trivas p\u00e5 jobbet.<br \/>\nAndra talare \u00e4r bl a <strong>Maria Grud\u00e9n<\/strong>, VD f\u00f6r Great Place to Work, <strong>Per Adolfsson<\/strong>, VD Microsoft, <strong>Gunnar Carlsson<\/strong>, VD W.L. Gore och <strong>Thomas Ers\u00e9us<\/strong>, VD Kungsleden.<br \/>\n<a href=\"http:\/\/greatplacetowork-sweden-events.com\"><em><strong>H\u00e4r<\/strong><\/em><\/a> kan du anm\u00e4la dig.<\/p>\n","protected":false},"excerpt":{"rendered":"<p>Den f\u00f6rsta december deltar jag i ett heldagsseminarium i Stockholm som kallas &#8221;Riktig employer branding &#8211; inifr\u00e5n och ut!&#8221; Arrang\u00f6r \u00e4r det internationella organisationsutvecklingsf\u00f6retaget Great Place to Work som finns i 40 l\u00e4nder, d\u00e4ribland Sverige. Jag talar under rubriken Corporate Storytelling &#8211; en guldgruva. Jag tar bland annat upp betydelsen av att v\u00e4l avv\u00e4gda och&#8230;<\/p>\n","protected":false},"author":2,"featured_media":0,"comment_status":"open","ping_status":"closed","sticky":false,"template":"","format":"standard","meta":[],"categories":[9],"tags":[],"_links":{"self":[{"href":"https:\/\/storytellers.se\/index.php?rest_route=\/wp\/v2\/posts\/3106"}],"collection":[{"href":"https:\/\/storytellers.se\/index.php?rest_route=\/wp\/v2\/posts"}],"about":[{"href":"https:\/\/storytellers.se\/index.php?rest_route=\/wp\/v2\/types\/post"}],"author":[{"embeddable":true,"href":"https:\/\/storytellers.se\/index.php?rest_route=\/wp\/v2\/users\/2"}],"replies":[{"embeddable":true,"href":"https:\/\/storytellers.se\/index.php?rest_route=%2Fwp%2Fv2%2Fcomments&post=3106"}],"version-history":[{"count":0,"href":"https:\/\/storytellers.se\/index.php?rest_route=\/wp\/v2\/posts\/3106\/revisions"}],"wp:attachment":[{"href":"https:\/\/storytellers.se\/index.php?rest_route=%2Fwp%2Fv2%2Fmedia&parent=3106"}],"wp:term":[{"taxonomy":"category","embeddable":true,"href":"https:\/\/storytellers.se\/index.php?rest_route=%2Fwp%2Fv2%2Fcategories&post=3106"},{"taxonomy":"post_tag","embeddable":true,"href":"https:\/\/storytellers.se\/index.php?rest_route=%2Fwp%2Fv2%2Ftags&post=3106"}],"curies":[{"name":"wp","href":"https:\/\/api.w.org\/{rel}","templated":true}]}}