{"id":3102,"date":"2011-10-12T21:21:49","date_gmt":"2011-10-12T20:21:49","guid":{"rendered":"http:\/\/heijbel.wordpress.com\/2011\/10\/12\/primarvardsfolket-i-skane"},"modified":"2011-10-12T21:21:49","modified_gmt":"2011-10-12T20:21:49","slug":"primarvardsfolket-i-skane","status":"publish","type":"post","link":"https:\/\/storytellers.se\/?p=3102","title":{"rendered":"Prim\u00e4rv\u00e5rdsfolket i Sk\u00e5ne"},"content":{"rendered":"<p>I dag har jag varit hos <em>Prim\u00e4rv\u00e5rdsfolket<\/em> i Sk\u00e5ne. Eller snarare har jag tr\u00e4ffat deras ledare. Ett hundratal kvinnor och m\u00e4n som \u00e4r ansvariga f\u00f6r olika v\u00e5rdcentraler, barnav\u00e5rdscentraler, barnmorskemottagningar och s\u00e5 vidare. Ledare f\u00f6r det trygghetssystem som vi l\u00e4tt tar f\u00f6r givet. Det handlade om dem som fortfarande finns i Region Sk\u00e5nes offentliga regi.<br \/>\nNu utmanas de av privata v\u00e5rdgivare och beh\u00f6ver mobilisera sitt ber\u00e4ttarkapital f\u00f6r att visa vad de kan, vad de vill och varf\u00f6r vi ska v\u00e4nda oss till dem. Storytelling i prim\u00e4rv\u00e5rden i Sk\u00e5ne helt enkelt. Ber\u00e4ttelserna representerar ett v\u00e4rde som kan aktiveras i vardagsber\u00e4ttelser som visar legitimiet och f\u00e5r oss att respektera detta folk och bli aktiva i v\u00e5ra v\u00e5rdval.<\/p>\n","protected":false},"excerpt":{"rendered":"<p>I dag har jag varit hos Prim\u00e4rv\u00e5rdsfolket i Sk\u00e5ne. Eller snarare har jag tr\u00e4ffat deras ledare. Ett hundratal kvinnor och m\u00e4n som \u00e4r ansvariga f\u00f6r olika v\u00e5rdcentraler, barnav\u00e5rdscentraler, barnmorskemottagningar och s\u00e5 vidare. Ledare f\u00f6r det trygghetssystem som vi l\u00e4tt tar f\u00f6r givet. Det handlade om dem som fortfarande finns i Region Sk\u00e5nes offentliga regi. Nu&#8230;<\/p>\n","protected":false},"author":2,"featured_media":0,"comment_status":"open","ping_status":"closed","sticky":false,"template":"","format":"standard","meta":[],"categories":[2],"tags":[],"_links":{"self":[{"href":"https:\/\/storytellers.se\/index.php?rest_route=\/wp\/v2\/posts\/3102"}],"collection":[{"href":"https:\/\/storytellers.se\/index.php?rest_route=\/wp\/v2\/posts"}],"about":[{"href":"https:\/\/storytellers.se\/index.php?rest_route=\/wp\/v2\/types\/post"}],"author":[{"embeddable":true,"href":"https:\/\/storytellers.se\/index.php?rest_route=\/wp\/v2\/users\/2"}],"replies":[{"embeddable":true,"href":"https:\/\/storytellers.se\/index.php?rest_route=%2Fwp%2Fv2%2Fcomments&post=3102"}],"version-history":[{"count":0,"href":"https:\/\/storytellers.se\/index.php?rest_route=\/wp\/v2\/posts\/3102\/revisions"}],"wp:attachment":[{"href":"https:\/\/storytellers.se\/index.php?rest_route=%2Fwp%2Fv2%2Fmedia&parent=3102"}],"wp:term":[{"taxonomy":"category","embeddable":true,"href":"https:\/\/storytellers.se\/index.php?rest_route=%2Fwp%2Fv2%2Fcategories&post=3102"},{"taxonomy":"post_tag","embeddable":true,"href":"https:\/\/storytellers.se\/index.php?rest_route=%2Fwp%2Fv2%2Ftags&post=3102"}],"curies":[{"name":"wp","href":"https:\/\/api.w.org\/{rel}","templated":true}]}}