{"id":3084,"date":"2011-09-15T13:52:24","date_gmt":"2011-09-15T12:52:24","guid":{"rendered":"http:\/\/heijbel.wordpress.com\/2011\/09\/15\/seminarium-i-stockholm"},"modified":"2011-09-15T13:52:24","modified_gmt":"2011-09-15T12:52:24","slug":"seminarium-i-stockholm","status":"publish","type":"post","link":"https:\/\/storytellers.se\/?p=3084","title":{"rendered":"Seminarium i Stockholm"},"content":{"rendered":"<p>F\u00f6rra \u00e5ret hade jag ett antal storyfrukostar i Stockholm. Jag ber\u00e4ttade om \u00e4mnet, gav rader av exempel och svarade p\u00e5 fr\u00e5gor. Nu \u00e4r det dags igen eftersom s\u00e5 m\u00e5nga fr\u00e5gar. Jag har det f\u00f6rsta i m\u00e5nadsskiftet september \/ oktober. Tv\u00e5 timmar mellan 09.00 &#8211; 11.00 den 29 september med m\u00f6jlighet till eftersnack.<br \/>\nDet finns kaffe och macka p\u00e5 bordet och alla deltagare f\u00e5r ett ex av min bok Storytelling befolkar varum\u00e4rket. F\u00f6ranm\u00e4lan och f\u00f6rskottsbetalning g\u00e4ller s\u00e5 <em><strong>de som \u00e4r p\u00e5<\/strong><\/em> f\u00e5r platserna.<br \/>\nPlats Hornsgatan 52 vid Mariatorget i Stockholm. Pris 1600 sek + moms. Anm\u00e4lan eller fr\u00e5gor via <a href=\"mailto:matts@storytellers.se\">matts@storytellers.se<\/a><\/p>\n","protected":false},"excerpt":{"rendered":"<p>F\u00f6rra \u00e5ret hade jag ett antal storyfrukostar i Stockholm. Jag ber\u00e4ttade om \u00e4mnet, gav rader av exempel och svarade p\u00e5 fr\u00e5gor. Nu \u00e4r det dags igen eftersom s\u00e5 m\u00e5nga fr\u00e5gar. Jag har det f\u00f6rsta i m\u00e5nadsskiftet september \/ oktober. Tv\u00e5 timmar mellan 09.00 &#8211; 11.00 den 29 september med m\u00f6jlighet till eftersnack. Det finns kaffe&#8230;<\/p>\n","protected":false},"author":2,"featured_media":0,"comment_status":"open","ping_status":"closed","sticky":false,"template":"","format":"standard","meta":[],"categories":[9],"tags":[],"_links":{"self":[{"href":"https:\/\/storytellers.se\/index.php?rest_route=\/wp\/v2\/posts\/3084"}],"collection":[{"href":"https:\/\/storytellers.se\/index.php?rest_route=\/wp\/v2\/posts"}],"about":[{"href":"https:\/\/storytellers.se\/index.php?rest_route=\/wp\/v2\/types\/post"}],"author":[{"embeddable":true,"href":"https:\/\/storytellers.se\/index.php?rest_route=\/wp\/v2\/users\/2"}],"replies":[{"embeddable":true,"href":"https:\/\/storytellers.se\/index.php?rest_route=%2Fwp%2Fv2%2Fcomments&post=3084"}],"version-history":[{"count":0,"href":"https:\/\/storytellers.se\/index.php?rest_route=\/wp\/v2\/posts\/3084\/revisions"}],"wp:attachment":[{"href":"https:\/\/storytellers.se\/index.php?rest_route=%2Fwp%2Fv2%2Fmedia&parent=3084"}],"wp:term":[{"taxonomy":"category","embeddable":true,"href":"https:\/\/storytellers.se\/index.php?rest_route=%2Fwp%2Fv2%2Fcategories&post=3084"},{"taxonomy":"post_tag","embeddable":true,"href":"https:\/\/storytellers.se\/index.php?rest_route=%2Fwp%2Fv2%2Ftags&post=3084"}],"curies":[{"name":"wp","href":"https:\/\/api.w.org\/{rel}","templated":true}]}}