{"id":3072,"date":"2011-09-12T09:44:55","date_gmt":"2011-09-12T08:44:55","guid":{"rendered":"http:\/\/heijbel.wordpress.com\/2011\/09\/12\/motorcykeln-stod-i-foajen"},"modified":"2011-09-12T09:44:55","modified_gmt":"2011-09-12T08:44:55","slug":"motorcykeln-stod-i-foajen","status":"publish","type":"post","link":"https:\/\/storytellers.se\/?p=3072","title":{"rendered":"Motorcykeln stod i foaj\u00e9n"},"content":{"rendered":"<p>N\u00e4r mannen kom till <em>Scandic Hotel<\/em> med sin motorcykel blev han fundersam \u00f6ver parkeringsm\u00f6jligheterna. Han ville og\u00e4rna st\u00e4lla sin motorcykel p\u00e5 bakg\u00e5rden d\u00e4r g\u00e4sterna normalt erbj\u00f6ds parkering. N\u00e5gon kunde ju ge sig p\u00e5 hans \u00f6gonsten vilket oroade honom.<br \/>\nHan v\u00e4nde sig till receptionen och undrade om de hade n\u00e5gon l\u00f6sning&#8230;<\/p>\n<p><!--more--><br \/>\n,,,men tyv\u00e4rr fanns det tydligen inget alternativ.<br \/>\nHotelchefen h\u00f6rde samtalet och besl\u00f6t sig f\u00f6r att hitta en l\u00f6sning.<br \/>\n\u2013 Oroa dig inte, jag tar personligen ansvar f\u00f6r din hoj, sa hotelchefen. G\u00e5 du p\u00e5 dina m\u00f6ten, din motorcykel \u00e4r i s\u00e4kra h\u00e4nder.<br \/>\nMannen gav mc-nycklarna till hotelchefen och f\u00f6rsvann ut i vimmelkv\u00e4llen. Hotelchefen kallade p\u00e5 en rekonditionerare som varsamt och professionellt tv\u00e4ttade och putsade motorcykeln. Sedan st\u00e4llde de den skinande mc:n p\u00e5 \u00e4kta mattan i foaj\u00e9n.<br \/>\nN\u00e4r mc-mannen fram\u00e5t natten kom tillbaks till hotellet s\u00e5g han den gnistrande rena och putsade motorcykeln omgiven av beundrande hoteg\u00e4ster i lobbyn.<br \/>\nDen omtanken gl\u00f6mmer han aldrig och hotellet fick en bra story om kundbem\u00f6tande.<\/p>\n","protected":false},"excerpt":{"rendered":"<p>N\u00e4r mannen kom till Scandic Hotel med sin motorcykel blev han fundersam \u00f6ver parkeringsm\u00f6jligheterna. Han ville og\u00e4rna st\u00e4lla sin motorcykel p\u00e5 bakg\u00e5rden d\u00e4r g\u00e4sterna normalt erbj\u00f6ds parkering. N\u00e5gon kunde ju ge sig p\u00e5 hans \u00f6gonsten vilket oroade honom. Han v\u00e4nde sig till receptionen och undrade om de hade n\u00e5gon l\u00f6sning&#8230;<\/p>\n","protected":false},"author":2,"featured_media":0,"comment_status":"open","ping_status":"closed","sticky":false,"template":"","format":"standard","meta":[],"categories":[2],"tags":[],"_links":{"self":[{"href":"https:\/\/storytellers.se\/index.php?rest_route=\/wp\/v2\/posts\/3072"}],"collection":[{"href":"https:\/\/storytellers.se\/index.php?rest_route=\/wp\/v2\/posts"}],"about":[{"href":"https:\/\/storytellers.se\/index.php?rest_route=\/wp\/v2\/types\/post"}],"author":[{"embeddable":true,"href":"https:\/\/storytellers.se\/index.php?rest_route=\/wp\/v2\/users\/2"}],"replies":[{"embeddable":true,"href":"https:\/\/storytellers.se\/index.php?rest_route=%2Fwp%2Fv2%2Fcomments&post=3072"}],"version-history":[{"count":0,"href":"https:\/\/storytellers.se\/index.php?rest_route=\/wp\/v2\/posts\/3072\/revisions"}],"wp:attachment":[{"href":"https:\/\/storytellers.se\/index.php?rest_route=%2Fwp%2Fv2%2Fmedia&parent=3072"}],"wp:term":[{"taxonomy":"category","embeddable":true,"href":"https:\/\/storytellers.se\/index.php?rest_route=%2Fwp%2Fv2%2Fcategories&post=3072"},{"taxonomy":"post_tag","embeddable":true,"href":"https:\/\/storytellers.se\/index.php?rest_route=%2Fwp%2Fv2%2Ftags&post=3072"}],"curies":[{"name":"wp","href":"https:\/\/api.w.org\/{rel}","templated":true}]}}