{"id":3070,"date":"2011-09-09T11:21:50","date_gmt":"2011-09-09T10:21:50","guid":{"rendered":"http:\/\/heijbel.wordpress.com\/2011\/09\/09\/saabs-varumarkesschaman"},"modified":"2011-09-09T11:21:50","modified_gmt":"2011-09-09T10:21:50","slug":"saabs-varumarkesschaman","status":"publish","type":"post","link":"https:\/\/storytellers.se\/?p=3070","title":{"rendered":"Saabs varum\u00e4rkesschaman"},"content":{"rendered":"<p>\u2013 Om man ska s\u00e4lja m\u00e5ste man tala om att man finns och f\u00f6rklara det speciella med sin produkt. Saab borde tala om vilken fantastisk bil de g\u00f6r, s\u00e4ger <strong>Bert Ytterhag<\/strong>.<br \/>\nHan \u00e4r en Saabevangelist som intervjuades i Aktuellt i g\u00e5r kl 21. Han skaffade sin f\u00f6rsta Saab vid 13-\u00e5rs \u00e5lder.<br \/>\n\u2013 Saab har varit katastrofalt usla p\u00e5 detta att ber\u00e4tta, menar Ytterhag i Aktuellt.<br \/>\nHan talar med passion om den lilla svenska biltillverkaren som efter kriget n\u00e4stan uppfann bilen p\u00e5 nytt. Med den unika styrningen, de sn\u00e5la turbomotorerna och m\u00e4ngder av fantastiska kluriga l\u00f6sningar.<br \/>\n\u2013 Vad ska jag k\u00f6pa f\u00f6r bil om n\u00e5gra \u00e5r? Vad ska min familj \u00e5ka i, slutar Ytterhag med sorgsen blick.<br \/>\nHan skulle kunnat vara precis den varum\u00e4rkesschaman som Saab s\u00e5 v\u00e4l hade beh\u00f6vt.<br \/>\nJag anser att f\u00f6retag och organisationer beh\u00f6ver kulturchefer som st\u00e4ndigt bevakar och kommunicerar de emotionella v\u00e4rdena i organisationen och produkterna och som laddar in dessa v\u00e4rden i varum\u00e4rket. Kanske hade detta kunnat hj\u00e4lpa Saab.<br \/>\n8 minuter och 19 sekunder in i <a href=\"http:\/\/svtplay.se\/v\/2528670\/aktuellt\/8_9_21_00_-_textat\"><em><strong>denna Aktuellts\u00e4ndning<\/strong><\/em><\/a> hittar du <em>Saabschamanen<\/em>. Den ligger uppe p\u00e5 SVT\/play till och med 15 september.<\/p>\n","protected":false},"excerpt":{"rendered":"<p>\u2013 Om man ska s\u00e4lja m\u00e5ste man tala om att man finns och f\u00f6rklara det speciella med sin produkt. Saab borde tala om vilken fantastisk bil de g\u00f6r, s\u00e4ger Bert Ytterhag. Han \u00e4r en Saabevangelist som intervjuades i Aktuellt i g\u00e5r kl 21. Han skaffade sin f\u00f6rsta Saab vid 13-\u00e5rs \u00e5lder. \u2013 Saab har varit&#8230;<\/p>\n","protected":false},"author":2,"featured_media":0,"comment_status":"open","ping_status":"closed","sticky":false,"template":"","format":"standard","meta":[],"categories":[2],"tags":[],"_links":{"self":[{"href":"https:\/\/storytellers.se\/index.php?rest_route=\/wp\/v2\/posts\/3070"}],"collection":[{"href":"https:\/\/storytellers.se\/index.php?rest_route=\/wp\/v2\/posts"}],"about":[{"href":"https:\/\/storytellers.se\/index.php?rest_route=\/wp\/v2\/types\/post"}],"author":[{"embeddable":true,"href":"https:\/\/storytellers.se\/index.php?rest_route=\/wp\/v2\/users\/2"}],"replies":[{"embeddable":true,"href":"https:\/\/storytellers.se\/index.php?rest_route=%2Fwp%2Fv2%2Fcomments&post=3070"}],"version-history":[{"count":0,"href":"https:\/\/storytellers.se\/index.php?rest_route=\/wp\/v2\/posts\/3070\/revisions"}],"wp:attachment":[{"href":"https:\/\/storytellers.se\/index.php?rest_route=%2Fwp%2Fv2%2Fmedia&parent=3070"}],"wp:term":[{"taxonomy":"category","embeddable":true,"href":"https:\/\/storytellers.se\/index.php?rest_route=%2Fwp%2Fv2%2Fcategories&post=3070"},{"taxonomy":"post_tag","embeddable":true,"href":"https:\/\/storytellers.se\/index.php?rest_route=%2Fwp%2Fv2%2Ftags&post=3070"}],"curies":[{"name":"wp","href":"https:\/\/api.w.org\/{rel}","templated":true}]}}