{"id":3066,"date":"2011-09-08T09:34:50","date_gmt":"2011-09-08T08:34:50","guid":{"rendered":"http:\/\/heijbel.wordpress.com\/2011\/09\/08\/storytelling-i-smaland"},"modified":"2011-09-08T09:34:50","modified_gmt":"2011-09-08T08:34:50","slug":"storytelling-i-smaland","status":"publish","type":"post","link":"https:\/\/storytellers.se\/?p=3066","title":{"rendered":"Storytelling i Sm\u00e5land"},"content":{"rendered":"<p>Den 21 september kommer jag till <em>V\u00e4stan\u00e5 Slott<\/em> i Gr\u00e4nna inbjuden av <em>Sm\u00e5lands Turism<\/em>. Det \u00e4r dags f\u00f6r <em>Entrepren\u00f6rsforum No. 13<\/em>.<br \/>\nEfter en inledning av <strong>Lena Larsson<\/strong>, VD f\u00f6r Sm\u00e5lands Turism AB, kommer mitt seminarium om Storytelling som ett av verktygen f\u00f6r att via entrepren\u00f6rerna st\u00e4rka det samlade sm\u00e5l\u00e4ndska varum\u00e4rket och visa en attraktiv turistdestination.<br \/>\nDen \u00f6vergripande svenska varum\u00e4rkesplattformen talar om ett progressivt land som vilar p\u00e5 k\u00e4rnv\u00e4rdena: <strong>Nyt\u00e4nkande, \u00d6ppenhet, \u00c4kthet och Omt\u00e4nksamhet<\/strong>.<br \/>\nD\u00e4refter har den svenska bes\u00f6ksn\u00e4ringen i samklang med den svenska plattformen formulerat en svensk destinationsstrategi som, med fokus p\u00e5 h\u00e5llbarhet, siktar p\u00e5 att f\u00f6rdubbla antalet bes\u00f6kare till Sverige till \u00e5r 2020.<br \/>\nDe tre sm\u00e5landsl\u00e4nen har nu i sin tur, som en f\u00f6ljd av detta, p\u00e5b\u00f6rjat arbetet med att bygga det samlade sm\u00e5l\u00e4ndska varum\u00e4rket.<br \/>\nJag ska, som en liten bricka i allt detta, allts\u00e5 den 21 september, tr\u00e4ffa sm\u00e5l\u00e4ndska turism- och bes\u00f6ksentrepren\u00f6rer och tillsammans med dem reflektera \u00f6ver vilka ber\u00e4ttelser de har f\u00f6r att bli framg\u00e5ngsrika och stimulera dem att tillsammans ber\u00e4tta sig in i framtiden.<br \/>\nDetta \u00e4r sp\u00e4nnande.<br \/>\n\u00c4r du i branschen och vill vara med den 21 september s\u00e5 kan du s\u00f6ka kontakt via <a href=\"mailto:christian@zurf.se\">christian@zurf.se<\/a> senast den 15 september f\u00f6r att se om det finns platser kvar.<br \/>\nAlla som kommer f\u00e5r min bok <strong>Storytelling befolkar varum\u00e4rket<\/strong>.<\/p>\n","protected":false},"excerpt":{"rendered":"<p>Den 21 september kommer jag till V\u00e4stan\u00e5 Slott i Gr\u00e4nna inbjuden av Sm\u00e5lands Turism. Det \u00e4r dags f\u00f6r Entrepren\u00f6rsforum No. 13. Efter en inledning av Lena Larsson, VD f\u00f6r Sm\u00e5lands Turism AB, kommer mitt seminarium om Storytelling som ett av verktygen f\u00f6r att via entrepren\u00f6rerna st\u00e4rka det samlade sm\u00e5l\u00e4ndska varum\u00e4rket och visa en attraktiv turistdestination&#8230;.<\/p>\n","protected":false},"author":2,"featured_media":0,"comment_status":"open","ping_status":"closed","sticky":false,"template":"","format":"standard","meta":[],"categories":[9],"tags":[],"_links":{"self":[{"href":"https:\/\/storytellers.se\/index.php?rest_route=\/wp\/v2\/posts\/3066"}],"collection":[{"href":"https:\/\/storytellers.se\/index.php?rest_route=\/wp\/v2\/posts"}],"about":[{"href":"https:\/\/storytellers.se\/index.php?rest_route=\/wp\/v2\/types\/post"}],"author":[{"embeddable":true,"href":"https:\/\/storytellers.se\/index.php?rest_route=\/wp\/v2\/users\/2"}],"replies":[{"embeddable":true,"href":"https:\/\/storytellers.se\/index.php?rest_route=%2Fwp%2Fv2%2Fcomments&post=3066"}],"version-history":[{"count":0,"href":"https:\/\/storytellers.se\/index.php?rest_route=\/wp\/v2\/posts\/3066\/revisions"}],"wp:attachment":[{"href":"https:\/\/storytellers.se\/index.php?rest_route=%2Fwp%2Fv2%2Fmedia&parent=3066"}],"wp:term":[{"taxonomy":"category","embeddable":true,"href":"https:\/\/storytellers.se\/index.php?rest_route=%2Fwp%2Fv2%2Fcategories&post=3066"},{"taxonomy":"post_tag","embeddable":true,"href":"https:\/\/storytellers.se\/index.php?rest_route=%2Fwp%2Fv2%2Ftags&post=3066"}],"curies":[{"name":"wp","href":"https:\/\/api.w.org\/{rel}","templated":true}]}}