{"id":3064,"date":"2011-09-07T12:13:00","date_gmt":"2011-09-07T11:13:00","guid":{"rendered":"http:\/\/heijbel.wordpress.com\/2011\/09\/07\/pa-kompetensmassan-16-november"},"modified":"2011-09-07T12:13:00","modified_gmt":"2011-09-07T11:13:00","slug":"pa-kompetensmassan-16-november","status":"publish","type":"post","link":"https:\/\/storytellers.se\/?p=3064","title":{"rendered":"P\u00e5 Kompetensm\u00e4ssan 16 november"},"content":{"rendered":"<p>Den 16 november 12.30-14.30 h\u00e5ller jag ett seminarium p\u00e5 <a href=\"http:\/\/www.kompetensmassan.se\/program\/visapresentation.asp?fldKmID=216\"><em><strong>Kompetensm\u00e4ssan i Stockholm<\/strong><\/em><\/a>. Kompetensm\u00e4ssan \u00e4r Nordens st\u00f6rsta m\u00e4ssa inom ledarskap, personal och aff\u00e4rsutveckling.<br \/>\nUnder rubriken <strong>B\u00e4sta storyn vinner n\u00e4r det g\u00e4ller<\/strong> talar jag om det kulturkapital organisationsber\u00e4ttelser utg\u00f6r och vilken framg\u00e5ngsfaktor storylistening \/ storytelling \u00e4r f\u00f6r f\u00f6retag och organisationer som sk\u00f6rdar och anv\u00e4nder sitt ber\u00e4ttarkapital.<br \/>\nGaranterat utan power point ger jag en rad f\u00e4ngslande exempel p\u00e5 <em>Storytelling i och om organisationer och deras varor och tj\u00e4nster<\/em>. Marknadsdjungeln \u00e4r ju fylld av sp\u00e4nnande tribes vilka jag unders\u00f6kt sen slutet av 90-talet. Alla har de ber\u00e4ttelser som visar vad de kan, vad de vill, var de kommer ifr\u00e5n och inte minst vart de \u00e4r p\u00e5 v\u00e4g.<\/p>\n","protected":false},"excerpt":{"rendered":"<p>Den 16 november 12.30-14.30 h\u00e5ller jag ett seminarium p\u00e5 Kompetensm\u00e4ssan i Stockholm. Kompetensm\u00e4ssan \u00e4r Nordens st\u00f6rsta m\u00e4ssa inom ledarskap, personal och aff\u00e4rsutveckling. Under rubriken B\u00e4sta storyn vinner n\u00e4r det g\u00e4ller talar jag om det kulturkapital organisationsber\u00e4ttelser utg\u00f6r och vilken framg\u00e5ngsfaktor storylistening \/ storytelling \u00e4r f\u00f6r f\u00f6retag och organisationer som sk\u00f6rdar och anv\u00e4nder sitt ber\u00e4ttarkapital. Garanterat&#8230;<\/p>\n","protected":false},"author":2,"featured_media":0,"comment_status":"open","ping_status":"closed","sticky":false,"template":"","format":"standard","meta":[],"categories":[9],"tags":[],"_links":{"self":[{"href":"https:\/\/storytellers.se\/index.php?rest_route=\/wp\/v2\/posts\/3064"}],"collection":[{"href":"https:\/\/storytellers.se\/index.php?rest_route=\/wp\/v2\/posts"}],"about":[{"href":"https:\/\/storytellers.se\/index.php?rest_route=\/wp\/v2\/types\/post"}],"author":[{"embeddable":true,"href":"https:\/\/storytellers.se\/index.php?rest_route=\/wp\/v2\/users\/2"}],"replies":[{"embeddable":true,"href":"https:\/\/storytellers.se\/index.php?rest_route=%2Fwp%2Fv2%2Fcomments&post=3064"}],"version-history":[{"count":0,"href":"https:\/\/storytellers.se\/index.php?rest_route=\/wp\/v2\/posts\/3064\/revisions"}],"wp:attachment":[{"href":"https:\/\/storytellers.se\/index.php?rest_route=%2Fwp%2Fv2%2Fmedia&parent=3064"}],"wp:term":[{"taxonomy":"category","embeddable":true,"href":"https:\/\/storytellers.se\/index.php?rest_route=%2Fwp%2Fv2%2Fcategories&post=3064"},{"taxonomy":"post_tag","embeddable":true,"href":"https:\/\/storytellers.se\/index.php?rest_route=%2Fwp%2Fv2%2Ftags&post=3064"}],"curies":[{"name":"wp","href":"https:\/\/api.w.org\/{rel}","templated":true}]}}