{"id":3062,"date":"2011-09-07T10:14:39","date_gmt":"2011-09-07T09:14:39","guid":{"rendered":"http:\/\/heijbel.wordpress.com\/2011\/09\/07\/hogskoleutbildning-i-berattarkonst"},"modified":"2011-09-07T10:14:39","modified_gmt":"2011-09-07T09:14:39","slug":"hogskoleutbildning-i-berattarkonst","status":"publish","type":"post","link":"https:\/\/storytellers.se\/?p=3062","title":{"rendered":"H\u00f6gskoleutbildning i ber\u00e4ttarkonst"},"content":{"rendered":"<p>I mitt arbete som muntligt ber\u00e4ttande Corporate Storyteller sen drygt 10 \u00e5r har jag alltid ett starkt fokus p\u00e5 <strong>VAD<\/strong> man ber\u00e4ttar snarare \u00e4n <strong>HUR<\/strong> man ber\u00e4ttar. Jag upprepar hela tiden, n\u00e4r det g\u00e4ller arbetslivets ber\u00e4ttelser p\u00e5 2010-talet, att du kan ber\u00e4tta hur du vill, det viktiga \u00e4r att det du s\u00e4ger \u00e4r sant och att du tror p\u00e5 det du s\u00e4ger. Det \u00e4r vad f\u00f6retag och organisationer beh\u00f6ver.<br \/>\nIbland f\u00e5r jag just \u00e4nd\u00e5 <strong>HUR-fr\u00e5gan<\/strong>. N\u00e5gon vill veta <strong>hur<\/strong> man blir en bra <em>ber\u00e4ttare<\/em>? D\u00e5 kan denna <a href=\"http:\/\/www.sagobygden.se\/kurser-utbildning\/ny-hogskolekurs-startar-vt-2012\"><em><strong>ber\u00e4ttarutbildning<\/strong><\/em><\/a> vara intressant. I samarbete med <em>H\u00f6gskolan p\u00e5 Gotland<\/em> och <em>H\u00f6gskolecentrum Ljungby<\/em> ger <em>Sagomus\u00e9et<\/em> kursen <em>Muntligt ber\u00e4ttande i teori och praktik<\/em>. Kursen omfattar 15 po\u00e4ng och ges p\u00e5 halvfart under v\u00e5rterminen 2012. Ett antal tr\u00e4ffar l\u00e4ggs in i \u00f6vrigt \u00e4r det en distansutbildning.<br \/>\nDet finns m\u00e5nga namnkunniga l\u00e4rare fr\u00e5n ber\u00e4ttarr\u00f6relsen. <strong>Professor Ulf Palmenfelt<\/strong> \u00e4r v\u00e4lk\u00e4nd ber\u00e4ttare och f\u00f6rfattare till ett stort antal b\u00f6cker med sagor och s\u00e4gner f\u00f6r b\u00e5de barn och vuxna. <strong>Per Gustavsson<\/strong> fr\u00e5n Sagomu\u00e9et tar sin utg\u00e5ngspunkt i folkdiktens sagor och ber\u00e4ttelser, <strong>Christina Claesson<\/strong> leder arbetet i hur man skapar nya egna ber\u00e4ttelser och <strong>Svend-Erik Engh<\/strong> tar upp m\u00f6tet mellan ber\u00e4ttare och lyssnare. R\u00f6stpedagog <strong>Ingvild Handagard<\/strong> fokuserar p\u00e5 r\u00f6sten som redskap .<\/p>\n","protected":false},"excerpt":{"rendered":"<p>I mitt arbete som muntligt ber\u00e4ttande Corporate Storyteller sen drygt 10 \u00e5r har jag alltid ett starkt fokus p\u00e5 VAD man ber\u00e4ttar snarare \u00e4n HUR man ber\u00e4ttar. Jag upprepar hela tiden, n\u00e4r det g\u00e4ller arbetslivets ber\u00e4ttelser p\u00e5 2010-talet, att du kan ber\u00e4tta hur du vill, det viktiga \u00e4r att det du s\u00e4ger \u00e4r sant och&#8230;<\/p>\n","protected":false},"author":2,"featured_media":0,"comment_status":"open","ping_status":"closed","sticky":false,"template":"","format":"standard","meta":[],"categories":[7],"tags":[],"_links":{"self":[{"href":"https:\/\/storytellers.se\/index.php?rest_route=\/wp\/v2\/posts\/3062"}],"collection":[{"href":"https:\/\/storytellers.se\/index.php?rest_route=\/wp\/v2\/posts"}],"about":[{"href":"https:\/\/storytellers.se\/index.php?rest_route=\/wp\/v2\/types\/post"}],"author":[{"embeddable":true,"href":"https:\/\/storytellers.se\/index.php?rest_route=\/wp\/v2\/users\/2"}],"replies":[{"embeddable":true,"href":"https:\/\/storytellers.se\/index.php?rest_route=%2Fwp%2Fv2%2Fcomments&post=3062"}],"version-history":[{"count":0,"href":"https:\/\/storytellers.se\/index.php?rest_route=\/wp\/v2\/posts\/3062\/revisions"}],"wp:attachment":[{"href":"https:\/\/storytellers.se\/index.php?rest_route=%2Fwp%2Fv2%2Fmedia&parent=3062"}],"wp:term":[{"taxonomy":"category","embeddable":true,"href":"https:\/\/storytellers.se\/index.php?rest_route=%2Fwp%2Fv2%2Fcategories&post=3062"},{"taxonomy":"post_tag","embeddable":true,"href":"https:\/\/storytellers.se\/index.php?rest_route=%2Fwp%2Fv2%2Ftags&post=3062"}],"curies":[{"name":"wp","href":"https:\/\/api.w.org\/{rel}","templated":true}]}}