{"id":3060,"date":"2011-09-05T13:08:40","date_gmt":"2011-09-05T12:08:40","guid":{"rendered":"http:\/\/heijbel.wordpress.com\/2011\/09\/05\/kultur-vaxer-ur-delade-berattelser"},"modified":"2011-09-05T13:08:40","modified_gmt":"2011-09-05T12:08:40","slug":"kultur-vaxer-ur-delade-berattelser","status":"publish","type":"post","link":"https:\/\/storytellers.se\/?p=3060","title":{"rendered":"Kultur v\u00e4xer ur delade ber\u00e4ttelser"},"content":{"rendered":"<p>Utan ber\u00e4ttelser \u00f6verlever ingen m\u00e4nsklig kultur. Det \u00e4r en naturlag som f\u00f6ljt m\u00e4nniskan genom alla tider. Att associera sig till sl\u00e4ktm\u00e4ssiga, nationella och religi\u00f6sa sammanhang \u00e4r sj\u00e4lvklart f\u00f6r m\u00e5nga av oss. Men idag har de flesta av oss ocks\u00e5 kopplingar till jobbet och arbetsplatsen.<br \/>\nP\u00e5 jobbet har vi en tribe med vilken vi tillbringar en st\u00f6rre del av v\u00e5r vakna tid. Detta var helt uppenbart n\u00e4r jag f\u00f6r n\u00e5gra dagar sedan tr\u00e4ffade <em>Scandic Hotels<\/em> fr\u00e5n stora delar av Europa.<br \/>\nScandic Hotels \u00e4r i m\u00e4nniskobranschen och deras samlade erfarenhetskultur finns lagrad i ber\u00e4ttelser vilket var helt uppenbart vid v\u00e5r storyextas h\u00e4romdagen.<\/p>\n","protected":false},"excerpt":{"rendered":"<p>Utan ber\u00e4ttelser \u00f6verlever ingen m\u00e4nsklig kultur. Det \u00e4r en naturlag som f\u00f6ljt m\u00e4nniskan genom alla tider. Att associera sig till sl\u00e4ktm\u00e4ssiga, nationella och religi\u00f6sa sammanhang \u00e4r sj\u00e4lvklart f\u00f6r m\u00e5nga av oss. Men idag har de flesta av oss ocks\u00e5 kopplingar till jobbet och arbetsplatsen. P\u00e5 jobbet har vi en tribe med vilken vi tillbringar en&#8230;<\/p>\n","protected":false},"author":2,"featured_media":0,"comment_status":"open","ping_status":"closed","sticky":false,"template":"","format":"standard","meta":[],"categories":[2],"tags":[],"_links":{"self":[{"href":"https:\/\/storytellers.se\/index.php?rest_route=\/wp\/v2\/posts\/3060"}],"collection":[{"href":"https:\/\/storytellers.se\/index.php?rest_route=\/wp\/v2\/posts"}],"about":[{"href":"https:\/\/storytellers.se\/index.php?rest_route=\/wp\/v2\/types\/post"}],"author":[{"embeddable":true,"href":"https:\/\/storytellers.se\/index.php?rest_route=\/wp\/v2\/users\/2"}],"replies":[{"embeddable":true,"href":"https:\/\/storytellers.se\/index.php?rest_route=%2Fwp%2Fv2%2Fcomments&post=3060"}],"version-history":[{"count":0,"href":"https:\/\/storytellers.se\/index.php?rest_route=\/wp\/v2\/posts\/3060\/revisions"}],"wp:attachment":[{"href":"https:\/\/storytellers.se\/index.php?rest_route=%2Fwp%2Fv2%2Fmedia&parent=3060"}],"wp:term":[{"taxonomy":"category","embeddable":true,"href":"https:\/\/storytellers.se\/index.php?rest_route=%2Fwp%2Fv2%2Fcategories&post=3060"},{"taxonomy":"post_tag","embeddable":true,"href":"https:\/\/storytellers.se\/index.php?rest_route=%2Fwp%2Fv2%2Ftags&post=3060"}],"curies":[{"name":"wp","href":"https:\/\/api.w.org\/{rel}","templated":true}]}}