{"id":3056,"date":"2011-08-29T14:28:36","date_gmt":"2011-08-29T13:28:36","guid":{"rendered":"http:\/\/heijbel.wordpress.com\/2011\/08\/29\/kan-alla-kora-storytelling"},"modified":"2011-08-29T14:28:36","modified_gmt":"2011-08-29T13:28:36","slug":"kan-alla-kora-storytelling","status":"publish","type":"post","link":"https:\/\/storytellers.se\/?p=3056","title":{"rendered":"Kan alla k\u00f6ra Storytelling?"},"content":{"rendered":"<p>H\u00e4romdagen var jag och h\u00f6ll en f\u00f6rel\u00e4sning hos den framg\u00e5ngsrika reklambyr\u00e5n <a href=\"http:\/\/www.strateg.se\"><em><strong>Strateg<\/strong><\/em><\/a> i \u00d6rebro. Drygt 30 medarbetare hade slutit upp. Jag ber\u00e4ttade och vi skrattade gott tillsammans. Jag fick d\u00e5 en fr\u00e5ga som dyker upp d\u00e5 och d\u00e5:<br \/>\n<strong>Fr\u00e5ga: <\/strong>Om det blir s\u00e5 att alla b\u00f6rjar med Storytelling f\u00f6rsvinner inte vitsen med det hela d\u00e5?<br \/>\n<strong>Svar:<\/strong> Nej. Jag anser att alla ska ha koll p\u00e5 sitt ber\u00e4ttarkapital. Detta helt enkelt av den anledningen att kulturen i en organisation ing\u00e5r i de mjuka v\u00e4rden som kan s\u00e4ttas i arbete f\u00f6r att n\u00e5 framg\u00e5ng och visa unikiteten. Var kommer vi ifr\u00e5n? Vart \u00e4r vi p\u00e5 v\u00e4g? Hur \u00e4r vi och vad kan vi? Det \u00e4r fr\u00e5gor som alla f\u00f6retag och organisationer b\u00f6r ha kunskap om. F\u00f6r att bli en ber\u00e4ttande organisation beh\u00f6ver n\u00e5gon ta ansvar f\u00f6r dessa fr\u00e5gor.<br \/>\nDet \u00e4r allts\u00e5 inte s\u00e5 att bara de som \u00e4r unika genom att vara tidigt ute kan sk\u00f6rda gl\u00e4djen och nyttan av <em>Corporate Storytelling<\/em>.<\/p>\n","protected":false},"excerpt":{"rendered":"<p>H\u00e4romdagen var jag och h\u00f6ll en f\u00f6rel\u00e4sning hos den framg\u00e5ngsrika reklambyr\u00e5n Strateg i \u00d6rebro. Drygt 30 medarbetare hade slutit upp. Jag ber\u00e4ttade och vi skrattade gott tillsammans. Jag fick d\u00e5 en fr\u00e5ga som dyker upp d\u00e5 och d\u00e5: Fr\u00e5ga: Om det blir s\u00e5 att alla b\u00f6rjar med Storytelling f\u00f6rsvinner inte vitsen med det hela d\u00e5?&#8230;<\/p>\n","protected":false},"author":2,"featured_media":0,"comment_status":"open","ping_status":"closed","sticky":false,"template":"","format":"standard","meta":[],"categories":[6],"tags":[],"_links":{"self":[{"href":"https:\/\/storytellers.se\/index.php?rest_route=\/wp\/v2\/posts\/3056"}],"collection":[{"href":"https:\/\/storytellers.se\/index.php?rest_route=\/wp\/v2\/posts"}],"about":[{"href":"https:\/\/storytellers.se\/index.php?rest_route=\/wp\/v2\/types\/post"}],"author":[{"embeddable":true,"href":"https:\/\/storytellers.se\/index.php?rest_route=\/wp\/v2\/users\/2"}],"replies":[{"embeddable":true,"href":"https:\/\/storytellers.se\/index.php?rest_route=%2Fwp%2Fv2%2Fcomments&post=3056"}],"version-history":[{"count":0,"href":"https:\/\/storytellers.se\/index.php?rest_route=\/wp\/v2\/posts\/3056\/revisions"}],"wp:attachment":[{"href":"https:\/\/storytellers.se\/index.php?rest_route=%2Fwp%2Fv2%2Fmedia&parent=3056"}],"wp:term":[{"taxonomy":"category","embeddable":true,"href":"https:\/\/storytellers.se\/index.php?rest_route=%2Fwp%2Fv2%2Fcategories&post=3056"},{"taxonomy":"post_tag","embeddable":true,"href":"https:\/\/storytellers.se\/index.php?rest_route=%2Fwp%2Fv2%2Ftags&post=3056"}],"curies":[{"name":"wp","href":"https:\/\/api.w.org\/{rel}","templated":true}]}}