{"id":3054,"date":"2011-08-24T18:15:27","date_gmt":"2011-08-24T17:15:27","guid":{"rendered":"http:\/\/heijbel.wordpress.com\/2011\/08\/24\/kommunikationsdagarna-i-goteborg"},"modified":"2011-08-24T18:15:27","modified_gmt":"2011-08-24T17:15:27","slug":"kommunikationsdagarna-i-goteborg","status":"publish","type":"post","link":"https:\/\/storytellers.se\/?p=3054","title":{"rendered":"Kommunikationsdagarna i G\u00f6teborg"},"content":{"rendered":"<p>I morgon ska jag medverka p\u00e5 <em>Kommunikationsdagarna<\/em> som i \u00e5r h\u00e5lls i G\u00f6teborg. Det \u00e4r det st\u00f6rsta intresset hittills genom \u00e5ren med \u00f6ver 300 landstingsanst\u00e4llda kommunikationsm\u00e4nniskor fr\u00e5n hela landet.<br \/>\nVarum\u00e4rkesexperten<strong> Johan Gromark<\/strong> och varum\u00e4rkesstrategen fr\u00e5n V\u00e4stra G\u00f6talandsregionen <strong>\u00c5se Nyberg<\/strong> inleder och jag tar vid under rubriken <strong><em>S\u00e4tt ber\u00e4ttelserna i arbete<\/em><\/strong>.  Sen \u00e4r det en rad seminarier och workshops i en och en halv dag. Jag har workshopen <strong><em>L\u00e4r dig sk\u00f6rda historierna<\/em><\/strong>.<\/p>\n","protected":false},"excerpt":{"rendered":"<p>I morgon ska jag medverka p\u00e5 Kommunikationsdagarna som i \u00e5r h\u00e5lls i G\u00f6teborg. Det \u00e4r det st\u00f6rsta intresset hittills genom \u00e5ren med \u00f6ver 300 landstingsanst\u00e4llda kommunikationsm\u00e4nniskor fr\u00e5n hela landet. Varum\u00e4rkesexperten Johan Gromark och varum\u00e4rkesstrategen fr\u00e5n V\u00e4stra G\u00f6talandsregionen \u00c5se Nyberg inleder och jag tar vid under rubriken S\u00e4tt ber\u00e4ttelserna i arbete. Sen \u00e4r det en rad&#8230;<\/p>\n","protected":false},"author":2,"featured_media":0,"comment_status":"open","ping_status":"closed","sticky":false,"template":"","format":"standard","meta":[],"categories":[9],"tags":[],"_links":{"self":[{"href":"https:\/\/storytellers.se\/index.php?rest_route=\/wp\/v2\/posts\/3054"}],"collection":[{"href":"https:\/\/storytellers.se\/index.php?rest_route=\/wp\/v2\/posts"}],"about":[{"href":"https:\/\/storytellers.se\/index.php?rest_route=\/wp\/v2\/types\/post"}],"author":[{"embeddable":true,"href":"https:\/\/storytellers.se\/index.php?rest_route=\/wp\/v2\/users\/2"}],"replies":[{"embeddable":true,"href":"https:\/\/storytellers.se\/index.php?rest_route=%2Fwp%2Fv2%2Fcomments&post=3054"}],"version-history":[{"count":0,"href":"https:\/\/storytellers.se\/index.php?rest_route=\/wp\/v2\/posts\/3054\/revisions"}],"wp:attachment":[{"href":"https:\/\/storytellers.se\/index.php?rest_route=%2Fwp%2Fv2%2Fmedia&parent=3054"}],"wp:term":[{"taxonomy":"category","embeddable":true,"href":"https:\/\/storytellers.se\/index.php?rest_route=%2Fwp%2Fv2%2Fcategories&post=3054"},{"taxonomy":"post_tag","embeddable":true,"href":"https:\/\/storytellers.se\/index.php?rest_route=%2Fwp%2Fv2%2Ftags&post=3054"}],"curies":[{"name":"wp","href":"https:\/\/api.w.org\/{rel}","templated":true}]}}