{"id":3052,"date":"2011-08-23T16:17:57","date_gmt":"2011-08-23T15:17:57","guid":{"rendered":"http:\/\/heijbel.wordpress.com\/2011\/08\/23\/till-vastsvenska-handelskammaren"},"modified":"2011-08-23T16:17:57","modified_gmt":"2011-08-23T15:17:57","slug":"till-vastsvenska-handelskammaren","status":"publish","type":"post","link":"https:\/\/storytellers.se\/?p=3052","title":{"rendered":"Till V\u00e4stsvenska Handelskammaren"},"content":{"rendered":"<p>Den 1 september 11.00-13.00 h\u00e5ller jag ett <a href=\"http:\/\/www.handelskammaren.net\/Kalender\/Skaraborg\/2011\/September\/Oss-emellan-med-Matts-Heijbel-Storyteller\/\"><em><strong>seminarium<\/strong><\/em><\/a> med fr\u00e5gestund hos <em>V\u00e4stsvenska Handelskammaren<\/em> i Sk\u00f6vde. Min bok <strong>Storytelling befolkar varum\u00e4rket<\/strong> kommer p\u00e5 beg\u00e4ran av arrang\u00f6rerna att finnas med. F\u00f6r mig \u00e4r det lite extra roligt eftersom jag \u00e4r uppvuxen i Sk\u00f6vde.<\/p>\n","protected":false},"excerpt":{"rendered":"<p>Den 1 september 11.00-13.00 h\u00e5ller jag ett seminarium med fr\u00e5gestund hos V\u00e4stsvenska Handelskammaren i Sk\u00f6vde. Min bok Storytelling befolkar varum\u00e4rket kommer p\u00e5 beg\u00e4ran av arrang\u00f6rerna att finnas med. F\u00f6r mig \u00e4r det lite extra roligt eftersom jag \u00e4r uppvuxen i Sk\u00f6vde.<\/p>\n","protected":false},"author":2,"featured_media":0,"comment_status":"open","ping_status":"closed","sticky":false,"template":"","format":"standard","meta":[],"categories":[9],"tags":[],"_links":{"self":[{"href":"https:\/\/storytellers.se\/index.php?rest_route=\/wp\/v2\/posts\/3052"}],"collection":[{"href":"https:\/\/storytellers.se\/index.php?rest_route=\/wp\/v2\/posts"}],"about":[{"href":"https:\/\/storytellers.se\/index.php?rest_route=\/wp\/v2\/types\/post"}],"author":[{"embeddable":true,"href":"https:\/\/storytellers.se\/index.php?rest_route=\/wp\/v2\/users\/2"}],"replies":[{"embeddable":true,"href":"https:\/\/storytellers.se\/index.php?rest_route=%2Fwp%2Fv2%2Fcomments&post=3052"}],"version-history":[{"count":0,"href":"https:\/\/storytellers.se\/index.php?rest_route=\/wp\/v2\/posts\/3052\/revisions"}],"wp:attachment":[{"href":"https:\/\/storytellers.se\/index.php?rest_route=%2Fwp%2Fv2%2Fmedia&parent=3052"}],"wp:term":[{"taxonomy":"category","embeddable":true,"href":"https:\/\/storytellers.se\/index.php?rest_route=%2Fwp%2Fv2%2Fcategories&post=3052"},{"taxonomy":"post_tag","embeddable":true,"href":"https:\/\/storytellers.se\/index.php?rest_route=%2Fwp%2Fv2%2Ftags&post=3052"}],"curies":[{"name":"wp","href":"https:\/\/api.w.org\/{rel}","templated":true}]}}