{"id":3048,"date":"2011-07-22T15:54:48","date_gmt":"2011-07-22T14:54:48","guid":{"rendered":"http:\/\/heijbel.wordpress.com\/2011\/07\/22\/den-egna-och-jobbflockens-berattelse"},"modified":"2011-07-22T15:54:48","modified_gmt":"2011-07-22T14:54:48","slug":"den-egna-och-jobbflockens-berattelse","status":"publish","type":"post","link":"https:\/\/storytellers.se\/?p=3048","title":{"rendered":"Den egna och jobbflockens ber\u00e4ttelse"},"content":{"rendered":"<p>Ber\u00e4ttelserna g\u00f6r oss till m\u00e4nniskor. Vi finns helt enkelt inte om vi inte har v\u00e5r ber\u00e4ttelse, detta \u00e4r en naturlag. Var och en av oss v\u00e4ljer d\u00e4rf\u00f6r ber\u00e4ttelser som g\u00f6r att vi f\u00f6rst\u00e5r var vi befinner oss emotionellt i dag.<br \/>\nI det gamla bondesamh\u00e4llet sammanfl\u00e4tades byns, bygdens och familjens ber\u00e4ttelser till en. I dag, n\u00e4r arbete och familjeidentitet ofta \u00e4r starkt separerade beh\u00f6vs d\u00e4rf\u00f6r organisationsber\u00e4ttelser. De flesta av oss tillbringar ju 40 timmar av v\u00e5r vakna veckotid p\u00e5 jobbet.<br \/>\nCorporate Storytelling inneb\u00e4r d\u00e5 ett s\u00e4tt att erbjuda medarbetare och kunder och \u00e4gare en repertoar att l\u00e4gga till sina egna privata ber\u00e4ttelser. D\u00e5 blir alla ber\u00f6rda av bara farten traditionsb\u00e4rare ocks\u00e5 av det varum\u00e4rke de \u00e4r en del av p\u00e5 jobbet.<br \/>\nDessutom \u00e4r varje medarbetare i sig en ber\u00e4ttelse som kan befolka arbetsgivarvarum\u00e4rket. \u00c4ven kundens f\u00f6rh\u00e5llande till varan eller tj\u00e4nsten kan addera v\u00e4rden till det kommersiella varum\u00e4rket.<\/p>\n","protected":false},"excerpt":{"rendered":"<p>Ber\u00e4ttelserna g\u00f6r oss till m\u00e4nniskor. Vi finns helt enkelt inte om vi inte har v\u00e5r ber\u00e4ttelse, detta \u00e4r en naturlag. Var och en av oss v\u00e4ljer d\u00e4rf\u00f6r ber\u00e4ttelser som g\u00f6r att vi f\u00f6rst\u00e5r var vi befinner oss emotionellt i dag. I det gamla bondesamh\u00e4llet sammanfl\u00e4tades byns, bygdens och familjens ber\u00e4ttelser till en. I dag, n\u00e4r&#8230;<\/p>\n","protected":false},"author":2,"featured_media":0,"comment_status":"open","ping_status":"closed","sticky":false,"template":"","format":"standard","meta":[],"categories":[2],"tags":[],"_links":{"self":[{"href":"https:\/\/storytellers.se\/index.php?rest_route=\/wp\/v2\/posts\/3048"}],"collection":[{"href":"https:\/\/storytellers.se\/index.php?rest_route=\/wp\/v2\/posts"}],"about":[{"href":"https:\/\/storytellers.se\/index.php?rest_route=\/wp\/v2\/types\/post"}],"author":[{"embeddable":true,"href":"https:\/\/storytellers.se\/index.php?rest_route=\/wp\/v2\/users\/2"}],"replies":[{"embeddable":true,"href":"https:\/\/storytellers.se\/index.php?rest_route=%2Fwp%2Fv2%2Fcomments&post=3048"}],"version-history":[{"count":0,"href":"https:\/\/storytellers.se\/index.php?rest_route=\/wp\/v2\/posts\/3048\/revisions"}],"wp:attachment":[{"href":"https:\/\/storytellers.se\/index.php?rest_route=%2Fwp%2Fv2%2Fmedia&parent=3048"}],"wp:term":[{"taxonomy":"category","embeddable":true,"href":"https:\/\/storytellers.se\/index.php?rest_route=%2Fwp%2Fv2%2Fcategories&post=3048"},{"taxonomy":"post_tag","embeddable":true,"href":"https:\/\/storytellers.se\/index.php?rest_route=%2Fwp%2Fv2%2Ftags&post=3048"}],"curies":[{"name":"wp","href":"https:\/\/api.w.org\/{rel}","templated":true}]}}