{"id":3046,"date":"2011-07-18T16:35:05","date_gmt":"2011-07-18T15:35:05","guid":{"rendered":"http:\/\/heijbel.wordpress.com\/2011\/07\/18\/introducera-med-en-story"},"modified":"2011-07-18T16:35:05","modified_gmt":"2011-07-18T15:35:05","slug":"introducera-med-en-story","status":"publish","type":"post","link":"https:\/\/storytellers.se\/?p=3046","title":{"rendered":"Introducera med en story"},"content":{"rendered":"<p>N\u00e4r det kommer nya medarbetare till en arbetsplats och introduktionsfasen inleds s\u00e5 \u00e4r det viktigt att ha en f\u00f6rberedd repertoar som befolkar p\u00e5st\u00e5endena om vilka vi \u00e4r, vad vi kan och vilka v\u00e4rderingar som styr verksamheten. Att g\u00e5 fr\u00e5n intellektuella abstraktioner till befolkade h\u00e4ndelser \u00e4r storymedvetet.<\/p>\n","protected":false},"excerpt":{"rendered":"<p>N\u00e4r det kommer nya medarbetare till en arbetsplats och introduktionsfasen inleds s\u00e5 \u00e4r det viktigt att ha en f\u00f6rberedd repertoar som befolkar p\u00e5st\u00e5endena om vilka vi \u00e4r, vad vi kan och vilka v\u00e4rderingar som styr verksamheten. Att g\u00e5 fr\u00e5n intellektuella abstraktioner till befolkade h\u00e4ndelser \u00e4r storymedvetet.<\/p>\n","protected":false},"author":2,"featured_media":0,"comment_status":"open","ping_status":"closed","sticky":false,"template":"","format":"standard","meta":[],"categories":[2],"tags":[],"_links":{"self":[{"href":"https:\/\/storytellers.se\/index.php?rest_route=\/wp\/v2\/posts\/3046"}],"collection":[{"href":"https:\/\/storytellers.se\/index.php?rest_route=\/wp\/v2\/posts"}],"about":[{"href":"https:\/\/storytellers.se\/index.php?rest_route=\/wp\/v2\/types\/post"}],"author":[{"embeddable":true,"href":"https:\/\/storytellers.se\/index.php?rest_route=\/wp\/v2\/users\/2"}],"replies":[{"embeddable":true,"href":"https:\/\/storytellers.se\/index.php?rest_route=%2Fwp%2Fv2%2Fcomments&post=3046"}],"version-history":[{"count":0,"href":"https:\/\/storytellers.se\/index.php?rest_route=\/wp\/v2\/posts\/3046\/revisions"}],"wp:attachment":[{"href":"https:\/\/storytellers.se\/index.php?rest_route=%2Fwp%2Fv2%2Fmedia&parent=3046"}],"wp:term":[{"taxonomy":"category","embeddable":true,"href":"https:\/\/storytellers.se\/index.php?rest_route=%2Fwp%2Fv2%2Fcategories&post=3046"},{"taxonomy":"post_tag","embeddable":true,"href":"https:\/\/storytellers.se\/index.php?rest_route=%2Fwp%2Fv2%2Ftags&post=3046"}],"curies":[{"name":"wp","href":"https:\/\/api.w.org\/{rel}","templated":true}]}}