{"id":3040,"date":"2011-06-26T18:16:52","date_gmt":"2011-06-26T17:16:52","guid":{"rendered":"http:\/\/heijbel.wordpress.com\/2011\/06\/26\/fabelns-och-anekdotens-enkelhet"},"modified":"2011-06-26T18:16:52","modified_gmt":"2011-06-26T17:16:52","slug":"fabelns-och-anekdotens-enkelhet","status":"publish","type":"post","link":"https:\/\/storytellers.se\/?p=3040","title":{"rendered":"Fabelns och anekdotens enkelhet"},"content":{"rendered":"<p>G\u00f6r ber\u00e4ttelsen s\u00e5 enkel som m\u00f6jligt n\u00e4r du v\u00e4l har sk\u00f6rdat den fr\u00e5n verkligheten. Hoppa \u00f6ver siffror och organisationsbeskrivningar. Avst\u00e5 fr\u00e5n f\u00f6retagsfilosofiska reflektioner. Ber\u00e4tta helt enkelt om h\u00e4ndelser, magiska \u00f6gonblick. Om m\u00e4nskliga m\u00f6ten som du tror och tycker visar n\u00e5got viktigt och som kan f\u00e5 medarbetare, \u00e4gare eller kunder att reagera och reflektera.<br \/>\n\u00c4ven om ber\u00e4ttelsen handlar om ett f\u00f6retag, en produkt eller en tj\u00e4nst s\u00e5 kan du gott str\u00e4va efter att leverera den med fabelns eller anekdotens enkelhet. Men det hela ska vara h\u00e4mtat fr\u00e5n verkligheten. Inga p\u00e5hittade ramsor eller reklamsagor.<br \/>\nOm h\u00e4ndelsen \u00e4r f\u00f6r l\u00e5ngt borta fr\u00e5n lyssnarens eller l\u00e4sarens verklighet, kanske verkar orimlig och tillr\u00e4ttalagd, d\u00e5 fungerar den inte. Den kan d\u00e5 inte utf\u00f6ra sitt uppdrag att p\u00e5verka och att visa \u00f6nskv\u00e4rda eller diskuterbara v\u00e4rderingar.<br \/>\nEnkelt och raffinerat som m\u00e5nga av <em>Bellmanhistorierna<\/em> om tysken och fransken och Bellman, helt enkelt.<\/p>\n","protected":false},"excerpt":{"rendered":"<p>G\u00f6r ber\u00e4ttelsen s\u00e5 enkel som m\u00f6jligt n\u00e4r du v\u00e4l har sk\u00f6rdat den fr\u00e5n verkligheten. Hoppa \u00f6ver siffror och organisationsbeskrivningar. Avst\u00e5 fr\u00e5n f\u00f6retagsfilosofiska reflektioner. Ber\u00e4tta helt enkelt om h\u00e4ndelser, magiska \u00f6gonblick. Om m\u00e4nskliga m\u00f6ten som du tror och tycker visar n\u00e5got viktigt och som kan f\u00e5 medarbetare, \u00e4gare eller kunder att reagera och reflektera. \u00c4ven om&#8230;<\/p>\n","protected":false},"author":2,"featured_media":0,"comment_status":"open","ping_status":"closed","sticky":false,"template":"","format":"standard","meta":[],"categories":[2],"tags":[],"_links":{"self":[{"href":"https:\/\/storytellers.se\/index.php?rest_route=\/wp\/v2\/posts\/3040"}],"collection":[{"href":"https:\/\/storytellers.se\/index.php?rest_route=\/wp\/v2\/posts"}],"about":[{"href":"https:\/\/storytellers.se\/index.php?rest_route=\/wp\/v2\/types\/post"}],"author":[{"embeddable":true,"href":"https:\/\/storytellers.se\/index.php?rest_route=\/wp\/v2\/users\/2"}],"replies":[{"embeddable":true,"href":"https:\/\/storytellers.se\/index.php?rest_route=%2Fwp%2Fv2%2Fcomments&post=3040"}],"version-history":[{"count":0,"href":"https:\/\/storytellers.se\/index.php?rest_route=\/wp\/v2\/posts\/3040\/revisions"}],"wp:attachment":[{"href":"https:\/\/storytellers.se\/index.php?rest_route=%2Fwp%2Fv2%2Fmedia&parent=3040"}],"wp:term":[{"taxonomy":"category","embeddable":true,"href":"https:\/\/storytellers.se\/index.php?rest_route=%2Fwp%2Fv2%2Fcategories&post=3040"},{"taxonomy":"post_tag","embeddable":true,"href":"https:\/\/storytellers.se\/index.php?rest_route=%2Fwp%2Fv2%2Ftags&post=3040"}],"curies":[{"name":"wp","href":"https:\/\/api.w.org\/{rel}","templated":true}]}}