{"id":3036,"date":"2011-06-24T18:21:51","date_gmt":"2011-06-24T17:21:51","guid":{"rendered":"http:\/\/heijbel.wordpress.com\/2011\/06\/24\/ledarens-basta-verktyg"},"modified":"2011-06-24T18:21:51","modified_gmt":"2011-06-24T17:21:51","slug":"ledarens-basta-verktyg","status":"publish","type":"post","link":"https:\/\/storytellers.se\/?p=3036","title":{"rendered":"Ledarens b\u00e4sta verktyg"},"content":{"rendered":"<p>En stark emotionell, befolkad ber\u00e4ttelse kan f\u00e5nga v\u00e5ra tankar och k\u00e4nslor p\u00e5 ett helt annat s\u00e4tt \u00e4n rena kalla faktaredog\u00f6relser. Hj\u00e4rta mot hj\u00e4rna. M\u00e4nniskan \u00e4r i grunden en emotionell varelse och v\u00e4ljer alltid ytterst med hj\u00e4rtat. Detta betyder f\u00f6rst\u00e5s inte att vi ska sluta ha ha koll p\u00e5 fakta, prestanda och nyckeltal. Men vi kan faktiskt addera det emotionella f\u00f6r att bli framg\u00e5ngsrika i marknadsdjungeln.<br \/>\nVi vill inte l\u00e4gga boken ifr\u00e5n oss f\u00f6r den \u00e4r s\u00e5 f\u00e4ngslande. Vi vill inte st\u00e4nga av teven f\u00f6r filmen \u00e4r s\u00e5 bra. Vi fascineras av ber\u00e4ttelser om fiskarna i Murmansk eller nomaderna i \u00d6stafrika. Hur lever de? Vad tror de p\u00e5? Varf\u00f6r har de sin kultur och livsstil.<br \/>\nSamma \u00e4r det p\u00e5 kontor och fabriker. I skolor och myndigheter. Dessa milj\u00f6er befolkas ocks\u00e5 av m\u00e4nniskor som har kulturer som b\u00e4rs av sina ber\u00e4ttelser.<br \/>\nSame same. Dessa stories kan sk\u00f6rdas och l\u00e4gga grunden f\u00f6r ett ber\u00e4ttande f\u00f6retag eller en ber\u00e4ttande organisation.<br \/>\nLedare som f\u00f6rst\u00e5r detta kan anv\u00e4nda emotionella, sanna ber\u00e4ttelser h\u00e4mtade fr\u00e5n verkligheten f\u00f6r att leda sitt team och sin flock. Och f\u00f6r att l\u00e4ra av triben. Den som ber\u00e4ttar f\u00e5r ber\u00e4ttelser. Det \u00e4r en naturlag.<\/p>\n","protected":false},"excerpt":{"rendered":"<p>En stark emotionell, befolkad ber\u00e4ttelse kan f\u00e5nga v\u00e5ra tankar och k\u00e4nslor p\u00e5 ett helt annat s\u00e4tt \u00e4n rena kalla faktaredog\u00f6relser. Hj\u00e4rta mot hj\u00e4rna. M\u00e4nniskan \u00e4r i grunden en emotionell varelse och v\u00e4ljer alltid ytterst med hj\u00e4rtat. Detta betyder f\u00f6rst\u00e5s inte att vi ska sluta ha ha koll p\u00e5 fakta, prestanda och nyckeltal. Men vi kan&#8230;<\/p>\n","protected":false},"author":2,"featured_media":0,"comment_status":"open","ping_status":"closed","sticky":false,"template":"","format":"standard","meta":[],"categories":[2],"tags":[],"_links":{"self":[{"href":"https:\/\/storytellers.se\/index.php?rest_route=\/wp\/v2\/posts\/3036"}],"collection":[{"href":"https:\/\/storytellers.se\/index.php?rest_route=\/wp\/v2\/posts"}],"about":[{"href":"https:\/\/storytellers.se\/index.php?rest_route=\/wp\/v2\/types\/post"}],"author":[{"embeddable":true,"href":"https:\/\/storytellers.se\/index.php?rest_route=\/wp\/v2\/users\/2"}],"replies":[{"embeddable":true,"href":"https:\/\/storytellers.se\/index.php?rest_route=%2Fwp%2Fv2%2Fcomments&post=3036"}],"version-history":[{"count":0,"href":"https:\/\/storytellers.se\/index.php?rest_route=\/wp\/v2\/posts\/3036\/revisions"}],"wp:attachment":[{"href":"https:\/\/storytellers.se\/index.php?rest_route=%2Fwp%2Fv2%2Fmedia&parent=3036"}],"wp:term":[{"taxonomy":"category","embeddable":true,"href":"https:\/\/storytellers.se\/index.php?rest_route=%2Fwp%2Fv2%2Fcategories&post=3036"},{"taxonomy":"post_tag","embeddable":true,"href":"https:\/\/storytellers.se\/index.php?rest_route=%2Fwp%2Fv2%2Ftags&post=3036"}],"curies":[{"name":"wp","href":"https:\/\/api.w.org\/{rel}","templated":true}]}}