{"id":3034,"date":"2011-06-23T15:20:16","date_gmt":"2011-06-23T14:20:16","guid":{"rendered":"http:\/\/heijbel.wordpress.com\/2011\/06\/23\/skapa-sociala-platser"},"modified":"2011-06-23T15:20:16","modified_gmt":"2011-06-23T14:20:16","slug":"skapa-sociala-platser","status":"publish","type":"post","link":"https:\/\/storytellers.se\/?p=3034","title":{"rendered":"Skapa sociala platser"},"content":{"rendered":"<p>Storytellingbegreppet kan vara problematiskt innan man f\u00f6rst\u00e5tt vad det egentligen handlar om. Kort sagt handlar det faktiskt om att lyssna innan man ber\u00e4ttar. Det beh\u00f6vs <em>Storylisteners<\/em> f\u00f6r att f\u00e5 storisar som kan <em>&#8221;tellas&#8221;<\/em>. Det handlar allts\u00e5 inte fr\u00e4mst om att hitta en en karismatisk ber\u00e4ttare med sagor i bagaget som har koll p\u00e5 kroppsspr\u00e5k och dramaturgi. Det handlar om vilka ber\u00e4ttelser f\u00f6retaget eller organisationen har om hur man \u00e4r och vad externa m\u00e4nniskor tycker om ens verksamhet.<br \/>\nDet h\u00e4nder ofta att f\u00f6retag kontaktar mig och \u00e4r frustrerade efter kontakter med olika retorikkonsulter, sk\u00e5despelare eller reklambyr\u00e5er som tror att det handlar om hur man ska framf\u00f6ra och ber\u00e4tta. Fel sp\u00e5r! Det handlar om <em>vad<\/em> vi ska s\u00f6ka, sk\u00f6rda och ber\u00e4tta f\u00f6r att utveckla organisationen och aff\u00e4ren&#8230;<\/p>\n<p><!--more--><br \/>\n&#8230;medarbetare, kunder och \u00e4gare \u00e4r inte passiva lyssnare som l\u00e4ngtar efter en ber\u00e4ttarf\u00f6rest\u00e4llning. Verklig Storytelling i och om f\u00f6retag och organisationer har uppdraget att stimulera emotionella tankar som kan formuleras i ord.<br \/>\nDen som ger en ber\u00e4ttelse f\u00e5r en ber\u00e4ttelse. Ytterst ska man bygga en ber\u00e4ttande organisation som med hj\u00e4lp av kulturkapitalet ( ber\u00e4ttelserna ) blir framg\u00e5ngsrik. Det inneb\u00e4r f\u00f6rst\u00e5s att den som hanterar strategin samlar och sk\u00f6rdar ber\u00e4ttelser som man tror \u00e4r anv\u00e4ndbara.<br \/>\nMen tala inte om f\u00f6r hela organisationen att vi nu ska satsa p\u00e5 storytelling. Alla beh\u00f6ver inte k\u00e4nna strategin. D\u00e4remot kan man ha veckans story p\u00e5 personalm\u00f6tet, skapa sociala m\u00f6tesplatser d\u00e4r ber\u00e4ttandet och utbytet av ber\u00e4ttelser ges chans.<br \/>\n\u2022 Snacka inte vitt och brett om storytelling. Skapa m\u00f6tesplatser och f\u00f6ruts\u00e4ttningar. Lyssna.<br \/>\n\u2022 Lyssna mer \u00e4n tala.<br \/>\n\u2022 Samla ber\u00e4ttelser och se hur de kan anv\u00e4ndas f\u00f6r att bygga organisation och visa v\u00e4rderingar. Bygg repertoar utifr\u00e5n v\u00e4rderingarna och k\u00e4nslor kopplade till verksamheten.<br \/>\n\u2022 L\u00e5t \u00e4ven motber\u00e4ttelser som attackerar verksamheten fl\u00f6da. B\u00e4sta storyn vinner och det beh\u00f6ver inte bara vara <em>husbondens r\u00f6st<\/em>.<br \/>\nSlutligen \u00e4r det viktigt att p\u00e5peka att det beh\u00f6vs utpekade ansvariga som driver p\u00e5 och samlar. Att bygga en ber\u00e4ttande organisation g\u00e5r inte av sig sj\u00e4lvt.<\/p>\n","protected":false},"excerpt":{"rendered":"<p>Storytellingbegreppet kan vara problematiskt innan man f\u00f6rst\u00e5tt vad det egentligen handlar om. Kort sagt handlar det faktiskt om att lyssna innan man ber\u00e4ttar. Det beh\u00f6vs Storylisteners f\u00f6r att f\u00e5 storisar som kan &#8221;tellas&#8221;. Det handlar allts\u00e5 inte fr\u00e4mst om att hitta en en karismatisk ber\u00e4ttare med sagor i bagaget som har koll p\u00e5 kroppsspr\u00e5k och&#8230;<\/p>\n","protected":false},"author":2,"featured_media":0,"comment_status":"open","ping_status":"closed","sticky":false,"template":"","format":"standard","meta":[],"categories":[2],"tags":[],"_links":{"self":[{"href":"https:\/\/storytellers.se\/index.php?rest_route=\/wp\/v2\/posts\/3034"}],"collection":[{"href":"https:\/\/storytellers.se\/index.php?rest_route=\/wp\/v2\/posts"}],"about":[{"href":"https:\/\/storytellers.se\/index.php?rest_route=\/wp\/v2\/types\/post"}],"author":[{"embeddable":true,"href":"https:\/\/storytellers.se\/index.php?rest_route=\/wp\/v2\/users\/2"}],"replies":[{"embeddable":true,"href":"https:\/\/storytellers.se\/index.php?rest_route=%2Fwp%2Fv2%2Fcomments&post=3034"}],"version-history":[{"count":0,"href":"https:\/\/storytellers.se\/index.php?rest_route=\/wp\/v2\/posts\/3034\/revisions"}],"wp:attachment":[{"href":"https:\/\/storytellers.se\/index.php?rest_route=%2Fwp%2Fv2%2Fmedia&parent=3034"}],"wp:term":[{"taxonomy":"category","embeddable":true,"href":"https:\/\/storytellers.se\/index.php?rest_route=%2Fwp%2Fv2%2Fcategories&post=3034"},{"taxonomy":"post_tag","embeddable":true,"href":"https:\/\/storytellers.se\/index.php?rest_route=%2Fwp%2Fv2%2Ftags&post=3034"}],"curies":[{"name":"wp","href":"https:\/\/api.w.org\/{rel}","templated":true}]}}