{"id":3032,"date":"2011-06-22T13:45:28","date_gmt":"2011-06-22T12:45:28","guid":{"rendered":"http:\/\/heijbel.wordpress.com\/2011\/06\/22\/basta-storyn-vinner-nar-det-galler"},"modified":"2011-06-22T13:45:28","modified_gmt":"2011-06-22T12:45:28","slug":"basta-storyn-vinner-nar-det-galler","status":"publish","type":"post","link":"https:\/\/storytellers.se\/?p=3032","title":{"rendered":"B\u00e4sta storyn vinner n\u00e4r det g\u00e4ller"},"content":{"rendered":"<p>I november ska jag vara med p\u00e5 <a href=\"http:\/\/www.kompetensmassan.se\/program\/visapresentation.asp?fldKmID=216\"><em><strong>Kompetensm\u00e4ssan<\/strong><\/em><\/a> i Stockholm igen. Den h\u00e4r g\u00e5ngen under rubriken: <strong><em>B\u00e4sta storyn vinner n\u00e4r det g\u00e4ller<\/em><\/strong>. Mitt seminarium \u00e4r den 16 november 12.30-14.30. Jag ska tala om Storytelling utifr\u00e5n ett kompetens- och arbetsgivar- arbetss\u00f6karperspektiv.<br \/>\nH\u00e4r \u00e4r det inga power points utan jag ber\u00e4ttar utifr\u00e5n sp\u00e4nnande exempel hur andra gjorde och varf\u00f6r de gjorde det. Jag ger tips och visar p\u00e5 de verktyg man kan beh\u00f6va.<\/p>\n","protected":false},"excerpt":{"rendered":"<p>I november ska jag vara med p\u00e5 Kompetensm\u00e4ssan i Stockholm igen. Den h\u00e4r g\u00e5ngen under rubriken: B\u00e4sta storyn vinner n\u00e4r det g\u00e4ller. Mitt seminarium \u00e4r den 16 november 12.30-14.30. Jag ska tala om Storytelling utifr\u00e5n ett kompetens- och arbetsgivar- arbetss\u00f6karperspektiv. H\u00e4r \u00e4r det inga power points utan jag ber\u00e4ttar utifr\u00e5n sp\u00e4nnande exempel hur andra gjorde&#8230;<\/p>\n","protected":false},"author":2,"featured_media":0,"comment_status":"open","ping_status":"closed","sticky":false,"template":"","format":"standard","meta":[],"categories":[9],"tags":[],"_links":{"self":[{"href":"https:\/\/storytellers.se\/index.php?rest_route=\/wp\/v2\/posts\/3032"}],"collection":[{"href":"https:\/\/storytellers.se\/index.php?rest_route=\/wp\/v2\/posts"}],"about":[{"href":"https:\/\/storytellers.se\/index.php?rest_route=\/wp\/v2\/types\/post"}],"author":[{"embeddable":true,"href":"https:\/\/storytellers.se\/index.php?rest_route=\/wp\/v2\/users\/2"}],"replies":[{"embeddable":true,"href":"https:\/\/storytellers.se\/index.php?rest_route=%2Fwp%2Fv2%2Fcomments&post=3032"}],"version-history":[{"count":0,"href":"https:\/\/storytellers.se\/index.php?rest_route=\/wp\/v2\/posts\/3032\/revisions"}],"wp:attachment":[{"href":"https:\/\/storytellers.se\/index.php?rest_route=%2Fwp%2Fv2%2Fmedia&parent=3032"}],"wp:term":[{"taxonomy":"category","embeddable":true,"href":"https:\/\/storytellers.se\/index.php?rest_route=%2Fwp%2Fv2%2Fcategories&post=3032"},{"taxonomy":"post_tag","embeddable":true,"href":"https:\/\/storytellers.se\/index.php?rest_route=%2Fwp%2Fv2%2Ftags&post=3032"}],"curies":[{"name":"wp","href":"https:\/\/api.w.org\/{rel}","templated":true}]}}