{"id":3010,"date":"2011-05-31T14:58:57","date_gmt":"2011-05-31T13:58:57","guid":{"rendered":"http:\/\/heijbel.wordpress.com\/2011\/05\/31\/twilightfest-i-katrineholm"},"modified":"2011-05-31T14:58:57","modified_gmt":"2011-05-31T13:58:57","slug":"twilightfest-i-katrineholm","status":"publish","type":"post","link":"https:\/\/storytellers.se\/?p=3010","title":{"rendered":"Twilightfest i Katrineholm"},"content":{"rendered":"<p>F\u00f6r n\u00e5gra dagar sedan var jag i <strong>Katrineholm<\/strong> och hade en heldag med kommunen kring Storytelling. Vi hade workshop, sk\u00f6rdefest och filmade ocks\u00e5 korta 2-minutersber\u00e4ttelser, <em>Digital Storytelling<\/em>. I det h\u00e4r fallet var det Arbetsgivarvarum\u00e4rket som var p\u00e5 tapeten, s\u00e5 kallad <em>Employer Branding<\/em>.<br \/>\nTwilightb\u00f6ckerna och senare ocks\u00e5 Twilightfilmatiseringen har g\u00e5tt som en l\u00f6peld \u00f6ver v\u00e4rlden och det \u00e4r framf\u00f6rallt unga flickor som dras till twilighteriet. P\u00e5 biblioteket i Katrineholm st\u00f6rde man sig \u00f6ver att det p\u00e5gick l\u00e4nge en debatt bland kulturtanter och andra p\u00e5 kulturidorna d\u00e4r man f\u00f6rf\u00e4rades \u00f6ver att denna &#8221;triviallitteratur&#8221; om flickan som blir k\u00e4r i en vampyr kunde ha s\u00e5n inverkan p\u00e5 flickors l\u00e4slust.<br \/>\nD\u00e4rf\u00f6r best\u00e4mde sig bibliotekarierna f\u00f6r att st\u00e4lla sig p\u00e5 flickornas sida&#8230;<\/p>\n<p><!--more--><br \/>\n&#8230;man spred ryktet p\u00e5 staden och p\u00e5 webben att det skulle bli en twilightkv\u00e4ll och twilightnatt p\u00e5 biblioteket. Bibliotekspersonalen kl\u00e4dde sig twilightaktigt och draperade hela det tr\u00e5kiga konferensrummet i svarta skynken och twilightaktigt ljus.<br \/>\nN\u00e4r d\u00f6rrarna \u00f6ppnades denna kv\u00e4ll hade massor av flickor redan samlats i biblioteket. Det var s\u00e5 m\u00e5nga att personalen var tvungen att stoppa intaget n\u00e4r lokalen var fylld enligt brandf\u00f6reskrifterna. Hela kv\u00e4llen p\u00e5gick twilightfesten och n\u00e4r bibliotekspersonalen var tvungen att bl\u00e5sa av och f\u00e5 flickorna att g\u00e5 hem k\u00e4nde personalen att de st\u00e4llt sig helt och tydligt p\u00e5 de unga l\u00e4sande flickornas sida.<br \/>\nDetta blev en kraftfull markering till Katrineholms unga flickor att biblioteket finns ocks\u00e5 f\u00f6r dem.<\/p>\n","protected":false},"excerpt":{"rendered":"<p>F\u00f6r n\u00e5gra dagar sedan var jag i Katrineholm och hade en heldag med kommunen kring Storytelling. Vi hade workshop, sk\u00f6rdefest och filmade ocks\u00e5 korta 2-minutersber\u00e4ttelser, Digital Storytelling. I det h\u00e4r fallet var det Arbetsgivarvarum\u00e4rket som var p\u00e5 tapeten, s\u00e5 kallad Employer Branding. Twilightb\u00f6ckerna och senare ocks\u00e5 Twilightfilmatiseringen har g\u00e5tt som en l\u00f6peld \u00f6ver v\u00e4rlden och&#8230;<\/p>\n","protected":false},"author":2,"featured_media":0,"comment_status":"open","ping_status":"closed","sticky":false,"template":"","format":"standard","meta":[],"categories":[4],"tags":[],"_links":{"self":[{"href":"https:\/\/storytellers.se\/index.php?rest_route=\/wp\/v2\/posts\/3010"}],"collection":[{"href":"https:\/\/storytellers.se\/index.php?rest_route=\/wp\/v2\/posts"}],"about":[{"href":"https:\/\/storytellers.se\/index.php?rest_route=\/wp\/v2\/types\/post"}],"author":[{"embeddable":true,"href":"https:\/\/storytellers.se\/index.php?rest_route=\/wp\/v2\/users\/2"}],"replies":[{"embeddable":true,"href":"https:\/\/storytellers.se\/index.php?rest_route=%2Fwp%2Fv2%2Fcomments&post=3010"}],"version-history":[{"count":0,"href":"https:\/\/storytellers.se\/index.php?rest_route=\/wp\/v2\/posts\/3010\/revisions"}],"wp:attachment":[{"href":"https:\/\/storytellers.se\/index.php?rest_route=%2Fwp%2Fv2%2Fmedia&parent=3010"}],"wp:term":[{"taxonomy":"category","embeddable":true,"href":"https:\/\/storytellers.se\/index.php?rest_route=%2Fwp%2Fv2%2Fcategories&post=3010"},{"taxonomy":"post_tag","embeddable":true,"href":"https:\/\/storytellers.se\/index.php?rest_route=%2Fwp%2Fv2%2Ftags&post=3010"}],"curies":[{"name":"wp","href":"https:\/\/api.w.org\/{rel}","templated":true}]}}