{"id":3002,"date":"2011-05-24T16:10:59","date_gmt":"2011-05-24T15:10:59","guid":{"rendered":"http:\/\/heijbel.wordpress.com\/2011\/05\/24\/vems-varderingar"},"modified":"2011-05-24T16:10:59","modified_gmt":"2011-05-24T15:10:59","slug":"vems-varderingar","status":"publish","type":"post","link":"https:\/\/storytellers.se\/?p=3002","title":{"rendered":"Vems v\u00e4rderingar"},"content":{"rendered":"<p><strong>Fr\u00e5ga:<\/strong><br \/>\nVems \u00e4r v\u00e4rderingarna i Corporate Storytelling?<br \/>\n<strong>Svar:<\/strong><br \/>\nCorporate Storytelling har i sig inga v\u00e4rderingar. Det handlar om en m\u00e4nsklig grupps s\u00e4tt att s\u00f6ka, v\u00e4lja och ber\u00e4tta vilka de tycker att de \u00e4r f\u00f6r att visa vad vad de kan. Jag brukar d\u00e4rf\u00f6r h\u00e4vda att verktyget \u00e4r v\u00e4rdeneutralt, fr\u00e5gan \u00e4r hur man anv\u00e4nder det. Men det \u00e4r klart att en f\u00f6retagsledning som satsar p\u00e5 detta helst v\u00e4ljer ber\u00e4ttelser som ledningen tycker och tror leder till framg\u00e5ng. Liksom att ett fackf\u00f6rbund eller en insamlingsorganisation v\u00e4ljer ber\u00e4ttelser f\u00f6r att locka till sig medlemmar och pengar.<\/p>\n","protected":false},"excerpt":{"rendered":"<p>Fr\u00e5ga: Vems \u00e4r v\u00e4rderingarna i Corporate Storytelling? Svar: Corporate Storytelling har i sig inga v\u00e4rderingar. Det handlar om en m\u00e4nsklig grupps s\u00e4tt att s\u00f6ka, v\u00e4lja och ber\u00e4tta vilka de tycker att de \u00e4r f\u00f6r att visa vad vad de kan. Jag brukar d\u00e4rf\u00f6r h\u00e4vda att verktyget \u00e4r v\u00e4rdeneutralt, fr\u00e5gan \u00e4r hur man anv\u00e4nder det. Men&#8230;<\/p>\n","protected":false},"author":2,"featured_media":0,"comment_status":"open","ping_status":"closed","sticky":false,"template":"","format":"standard","meta":[],"categories":[6],"tags":[],"_links":{"self":[{"href":"https:\/\/storytellers.se\/index.php?rest_route=\/wp\/v2\/posts\/3002"}],"collection":[{"href":"https:\/\/storytellers.se\/index.php?rest_route=\/wp\/v2\/posts"}],"about":[{"href":"https:\/\/storytellers.se\/index.php?rest_route=\/wp\/v2\/types\/post"}],"author":[{"embeddable":true,"href":"https:\/\/storytellers.se\/index.php?rest_route=\/wp\/v2\/users\/2"}],"replies":[{"embeddable":true,"href":"https:\/\/storytellers.se\/index.php?rest_route=%2Fwp%2Fv2%2Fcomments&post=3002"}],"version-history":[{"count":0,"href":"https:\/\/storytellers.se\/index.php?rest_route=\/wp\/v2\/posts\/3002\/revisions"}],"wp:attachment":[{"href":"https:\/\/storytellers.se\/index.php?rest_route=%2Fwp%2Fv2%2Fmedia&parent=3002"}],"wp:term":[{"taxonomy":"category","embeddable":true,"href":"https:\/\/storytellers.se\/index.php?rest_route=%2Fwp%2Fv2%2Fcategories&post=3002"},{"taxonomy":"post_tag","embeddable":true,"href":"https:\/\/storytellers.se\/index.php?rest_route=%2Fwp%2Fv2%2Ftags&post=3002"}],"curies":[{"name":"wp","href":"https:\/\/api.w.org\/{rel}","templated":true}]}}