{"id":3000,"date":"2011-05-19T15:36:52","date_gmt":"2011-05-19T14:36:52","guid":{"rendered":"http:\/\/heijbel.wordpress.com\/2011\/05\/19\/hans-stora-misstag"},"modified":"2011-05-19T15:36:52","modified_gmt":"2011-05-19T14:36:52","slug":"hans-stora-misstag","status":"publish","type":"post","link":"https:\/\/storytellers.se\/?p=3000","title":{"rendered":"Hans stora misstag"},"content":{"rendered":"<p>N\u00e4r jag f\u00f6r en tid sedan hade en workshop med <strong>F\u00f6rsvarsmakten<\/strong> kom en ber\u00e4ttelse som visar v\u00e4rdet av att kunna bjuda p\u00e5 och ber\u00e4tta om sina misstag. I det h\u00e4r fallet var det en mycket h\u00f6g milit\u00e4r som ber\u00e4ttade om n\u00e5got som h\u00e4nde f\u00f6r cirka 30 \u00e5r sedan. Han gjorde det, sa han, f\u00f6r att andra inte skulle agera som han gjorde den g\u00e5ngen.<br \/>\n<em>Det var&#8230;<\/em><\/p>\n<p><!--more--><br \/>\n<em>&#8230;n\u00e4r han en g\u00e5ng som ung kompanichef tog emot en grupp inryckande rekryter som skulle g\u00f6ra sin v\u00e4rnplikt p\u00e5 hans regemente i Sk\u00f6vde.<br \/>\nDe unga killarna skulle infinna sig till lunch och p\u00e5b\u00f6rja sin utbildning med att kvittera ut kl\u00e4der och sin utrustning. Rekryterna kom duktigt i tid och det verkade som att kompanichefen skulle kunna pricka av dem alla p\u00e5 sin lista.<br \/>\nMen en av de unga pojkarna kom dit eskorterad av polis. Han var d\u00f6md f\u00f6r brott i sin hemstad Mariestad och hade nu f\u00e5tt sin dom omvandlad till v\u00e4rnpliktstj\u00e4nstg\u00f6ring. Den unge soldaten f\u00f6ljdes d\u00e4rf\u00f6r av polis och l\u00e4mnades \u00f6ver till regementet.<br \/>\nDet gick bra f\u00f6r Mariestadsbon och han sm\u00e4lte v\u00e4l in i gruppen.<br \/>\nN\u00e4r det blev helg skyndade sig de v\u00e4rnpliktiga att byta om till civila kl\u00e4der f\u00f6r att resa hem till familjer och flickv\u00e4nner.<br \/>\nMen inte Mariestadsbon. Han beh\u00f6ll milit\u00e4rkl\u00e4derna p\u00e5 stannade ensam kvar p\u00e5 luckan. Kompanichefen talade med honom och fr\u00e5gade hur det var innan han sj\u00e4lv \u00e5kte hem till sin familj.<br \/>\n\u2013 Det \u00e4r okej, sa soldaten men jag vill inte \u00e5ka hem till Mariestad. Det \u00e4r s\u00e5 l\u00e4tt h\u00e4nt att jag dras in i missbruk och olagligheter med dem som k\u00e4nner mig d\u00e4r.<br \/>\nS\u00e5 d\u00e4r fortsatte det under v\u00e4rnpliktstj\u00e4nstg\u00f6ringen. De andra \u00e5kte hem medan Mariestadsbon stannade kvar i n\u00e5gon slags beskydd p\u00e5 regementet i Sk\u00f6vde.<br \/>\nEfter ett halv\u00e5r ringde socialen fr\u00e5n Mariestad hem till kompanichefen och fr\u00e5gade om han kunde t\u00e4nka sig att som privatperson bli \u00f6vervakare f\u00f6r den unge Mariestadsbon.<br \/>\nKompanichefen, numera h\u00f6g milit\u00e4r, t\u00e4nkte en stund innan han tackade nej. Han hade egna barn hemma vid den tiden och tyckte inte att han hade tid att vara \u00f6vervakare \u00e5t n\u00e5gon.<br \/>\nN\u00e5gra m\u00e5nader senare var det dags f\u00f6r <strong>MUCK<\/strong>, <em><strong>Milit\u00e4r Utryckning Civila Kl\u00e4der<\/strong><\/em>. De v\u00e4rnpliktiga festade och rusade vidare ut i livet.<br \/>\nD\u00e5 br\u00f6t Mariestadspojken ihop. Han var otr\u00f6stlig n\u00e4r han hulkande sa till kompanichefen att han var livr\u00e4dd f\u00f6r att \u00e5ka hem till Mariestad. Han skulle aldrig klara av att m\u00f6ta sina s\u00e5 kallade v\u00e4nner. Detta var, menade han, en resa bort fr\u00e5n tryggheten och in mot underg\u00e5ngen.<br \/>\nMen v\u00e4rnplikten var tyv\u00e4rr \u00f6ver nu och han kunde inte stanna l\u00e4ngre, f\u00f6rklarade kompanichefen.<br \/>\n\u2013 Det d\u00e4r har jag \u00e5ngrat i 30 \u00e5r, ber\u00e4ttar idag den nu h\u00f6ge milit\u00e4ren. Jag vet inte ens om pojken lever l\u00e4ngre.<\/em><br \/>\nDetta \u00e4r en personlig ber\u00e4ttelse om ett misstag som h\u00e4ngt efter honom i 30 \u00e5r. En s\u00e5dan ber\u00e4ttelse kan anv\u00e4ndas f\u00f6r att de som nu \u00e4r unga bef\u00e4l och har soldater eller andra m\u00e4nniskor i behov av st\u00f6d i n\u00e4rheten ska se dem som m\u00e4nniskor och st\u00e4lla upp p\u00e5 dem som har det sv\u00e5rt.<br \/>\nDen h\u00f6ga milit\u00e4ren la till att detta \u00e4r en story som visar inneb\u00f6rden i v\u00e4rderingar som s\u00e4ger exempelvis att man inte accepterar mobbning, att man ska bygga ett starkt kamratskap och att alla m\u00e4nniskor \u00e4r lika mycket v\u00e4rda och ska vara sedda som de \u00e4r.<\/p>\n","protected":false},"excerpt":{"rendered":"<p>N\u00e4r jag f\u00f6r en tid sedan hade en workshop med F\u00f6rsvarsmakten kom en ber\u00e4ttelse som visar v\u00e4rdet av att kunna bjuda p\u00e5 och ber\u00e4tta om sina misstag. I det h\u00e4r fallet var det en mycket h\u00f6g milit\u00e4r som ber\u00e4ttade om n\u00e5got som h\u00e4nde f\u00f6r cirka 30 \u00e5r sedan. Han gjorde det, sa han, f\u00f6r att&#8230;<\/p>\n","protected":false},"author":2,"featured_media":0,"comment_status":"open","ping_status":"closed","sticky":false,"template":"","format":"standard","meta":[],"categories":[4],"tags":[],"_links":{"self":[{"href":"https:\/\/storytellers.se\/index.php?rest_route=\/wp\/v2\/posts\/3000"}],"collection":[{"href":"https:\/\/storytellers.se\/index.php?rest_route=\/wp\/v2\/posts"}],"about":[{"href":"https:\/\/storytellers.se\/index.php?rest_route=\/wp\/v2\/types\/post"}],"author":[{"embeddable":true,"href":"https:\/\/storytellers.se\/index.php?rest_route=\/wp\/v2\/users\/2"}],"replies":[{"embeddable":true,"href":"https:\/\/storytellers.se\/index.php?rest_route=%2Fwp%2Fv2%2Fcomments&post=3000"}],"version-history":[{"count":0,"href":"https:\/\/storytellers.se\/index.php?rest_route=\/wp\/v2\/posts\/3000\/revisions"}],"wp:attachment":[{"href":"https:\/\/storytellers.se\/index.php?rest_route=%2Fwp%2Fv2%2Fmedia&parent=3000"}],"wp:term":[{"taxonomy":"category","embeddable":true,"href":"https:\/\/storytellers.se\/index.php?rest_route=%2Fwp%2Fv2%2Fcategories&post=3000"},{"taxonomy":"post_tag","embeddable":true,"href":"https:\/\/storytellers.se\/index.php?rest_route=%2Fwp%2Fv2%2Ftags&post=3000"}],"curies":[{"name":"wp","href":"https:\/\/api.w.org\/{rel}","templated":true}]}}