{"id":2996,"date":"2011-05-19T13:28:55","date_gmt":"2011-05-19T12:28:55","guid":{"rendered":"http:\/\/heijbel.wordpress.com\/2011\/05\/19\/vad-ar-sanning"},"modified":"2011-05-19T13:28:55","modified_gmt":"2011-05-19T12:28:55","slug":"vad-ar-sanning","status":"publish","type":"post","link":"https:\/\/storytellers.se\/?p=2996","title":{"rendered":"Vad \u00e4r sanning?"},"content":{"rendered":"<p>En g\u00e5ng fr\u00e5gade min \u00e4ldste son mig vad jag menade med sanning eftersom jag talar s\u00e5 mycket om att ber\u00e4ttelserna jag sk\u00f6rdar ska vara sanna. Nu \u00e4r det s\u00e5 att sonen har l\u00e4st 60 po\u00e4ng i filosofi s\u00e5 han \u00e4r tr\u00e4nad i att t\u00e4nka filosofiskt. D\u00e4rf\u00f6r tar jag fram faderspriviegiet att k\u00e4rleksfullt avf\u00e4rda och smita undan. Mitt svar blir:<br \/>\n<em>\u2013<strong> H\u00e5ll k\u00e4ften!<\/strong><\/em><br \/>\nJag vet n\u00e4mligen att om man b\u00f6rjar vrida och v\u00e4nda p\u00e5 sanningsbegreppet i de h\u00e4r sammanhangen s\u00e5 k\u00f6r man fast. Man k\u00f6r fast i hj\u00e4rnkontoret. Man kan inte h\u00e5lla p\u00e5 med en s\u00e5 pass emotionell kommunikationsform som denna om&#8230;<\/p>\n<p><!--more--><br \/>\nman m\u00e5ste analysera ber\u00e4ttelserna strikt i varje nyans utifr\u00e5n sanningsperspektivet.<br \/>\nDet kan bli som n\u00e4r tusenfotingen fick fr\u00e5gan vilket ben hon startar med n\u00e4r hon ska g\u00e5 n\u00e5gonstans. Hon t\u00e4nkte l\u00e4nge och v\u00e4l men kunde inte f\u00f6r sitt liv komma fram till vilket ben som startade hennes tusenfotsvandring.<br \/>\nSen dess st\u00e5r hon d\u00e4r handlingsf\u00f6rlamad och of\u00f6rm\u00f6gen att komma n\u00e5gon vart. D\u00e4rf\u00f6r blir hon ocks\u00e5 hindrad att se och l\u00e4ra n\u00e5got nytt.<br \/>\nDet \u00e4r riktigt att jag s\u00e4ger att <em>Storytelling i och om f\u00f6retag och organisationer<\/em> ska bygga p\u00e5 sanna ber\u00e4ttelser h\u00e4mtade fr\u00e5n verkligheten. Det \u00e4r helt enkelt A &amp; O i denna emotionella kommunikationsteknik.<br \/>\nMen vi beh\u00f6ver inte k\u00e4llforska och analysera. Ber\u00e4ttar n\u00e5gon om n\u00e5got hon eller han varit med om eller h\u00f6rt om aprop\u00e5 exempelvis en kund s\u00e5 tror vi p\u00e5 personen om hon eller han s\u00e4ger att det \u00e4r sant, att det har h\u00e4nt. Gillar vi ber\u00e4ttelsen och tycker att den \u00e4r anv\u00e4ndbar s\u00e5 plockar vi den.<br \/>\nDet samma g\u00e4ller om man ber\u00e4ttar n\u00e5got exempel om &#8221;hur vi \u00e4r h\u00e4r p\u00e5 firman.&#8221; Upplever medarbetarna att det st\u00e4mmer. Det d\u00e4r \u00e4r typiskt f\u00f6r oss n\u00e4r vi \u00e4r som b\u00e4st! ( eller s\u00e4mst ) d\u00e5 \u00e4r det sant.<br \/>\nVi ska inte, i de h\u00e4r sammanhangen, hitta p\u00e5 sagor eller plocka in urban legends och vandringsskr\u00f6nor. Det \u00e4r helt enkelt s\u00e5 som det gamla tales\u00e4ttet s\u00e4ger: <em>Verkligheten \u00f6vertr\u00e4ffar dikten.<\/em><br \/>\nDet \u00e4r den sanningsdimensionen jag m\u00e4ssar om n\u00e4r jag s\u00e4ger att verkligheten duger. Att ber\u00e4ttelserna finns framf\u00f6r n\u00e4san p\u00e5 oss och bara v\u00e4ntar p\u00e5 att bli sk\u00f6rdade och satta i arbete f\u00f6r att utveckla organisationen, bygga upp en vinnande ber\u00e4ttarrepertoar och befolka varum\u00e4rket.<br \/>\nIbland sl\u00e5r mig \u00e4nd\u00e5 den gamla kv\u00e4llstidningsklyschan: <em>Kolla aldrig en story, den kan spricka.<\/em><\/p>\n","protected":false},"excerpt":{"rendered":"<p>En g\u00e5ng fr\u00e5gade min \u00e4ldste son mig vad jag menade med sanning eftersom jag talar s\u00e5 mycket om att ber\u00e4ttelserna jag sk\u00f6rdar ska vara sanna. Nu \u00e4r det s\u00e5 att sonen har l\u00e4st 60 po\u00e4ng i filosofi s\u00e5 han \u00e4r tr\u00e4nad i att t\u00e4nka filosofiskt. D\u00e4rf\u00f6r tar jag fram faderspriviegiet att k\u00e4rleksfullt avf\u00e4rda och smita&#8230;<\/p>\n","protected":false},"author":2,"featured_media":0,"comment_status":"open","ping_status":"closed","sticky":false,"template":"","format":"standard","meta":[],"categories":[2],"tags":[],"_links":{"self":[{"href":"https:\/\/storytellers.se\/index.php?rest_route=\/wp\/v2\/posts\/2996"}],"collection":[{"href":"https:\/\/storytellers.se\/index.php?rest_route=\/wp\/v2\/posts"}],"about":[{"href":"https:\/\/storytellers.se\/index.php?rest_route=\/wp\/v2\/types\/post"}],"author":[{"embeddable":true,"href":"https:\/\/storytellers.se\/index.php?rest_route=\/wp\/v2\/users\/2"}],"replies":[{"embeddable":true,"href":"https:\/\/storytellers.se\/index.php?rest_route=%2Fwp%2Fv2%2Fcomments&post=2996"}],"version-history":[{"count":0,"href":"https:\/\/storytellers.se\/index.php?rest_route=\/wp\/v2\/posts\/2996\/revisions"}],"wp:attachment":[{"href":"https:\/\/storytellers.se\/index.php?rest_route=%2Fwp%2Fv2%2Fmedia&parent=2996"}],"wp:term":[{"taxonomy":"category","embeddable":true,"href":"https:\/\/storytellers.se\/index.php?rest_route=%2Fwp%2Fv2%2Fcategories&post=2996"},{"taxonomy":"post_tag","embeddable":true,"href":"https:\/\/storytellers.se\/index.php?rest_route=%2Fwp%2Fv2%2Ftags&post=2996"}],"curies":[{"name":"wp","href":"https:\/\/api.w.org\/{rel}","templated":true}]}}