{"id":2990,"date":"2011-05-18T11:44:15","date_gmt":"2011-05-18T10:44:15","guid":{"rendered":"http:\/\/heijbel.wordpress.com\/2011\/05\/18\/stenen-i-ryggen-blev-droppen"},"modified":"2011-05-18T11:44:15","modified_gmt":"2011-05-18T10:44:15","slug":"stenen-i-ryggen-blev-droppen","status":"publish","type":"post","link":"https:\/\/storytellers.se\/?p=2990","title":{"rendered":"Stenen i ryggen blev droppen"},"content":{"rendered":"<p>N\u00e4r jag var en ung journalist och senare ocks\u00e5 l\u00e4rare p\u00e5<em> Journalisth\u00f6gskolan i Stockholm<\/em> var det popul\u00e4rt med ber\u00e4ttande journalistik. <strong>Tom Wolfe<\/strong> och den <a href=\"http:\/\/en.wikipedia.org\/wiki\/New_Journalism\"><em><strong>Nya amerikanska journalistiken<\/strong><\/em><\/a> gillade vi. Jag inledde de flesta av mina tidiga artiklar och bokkapitel med en knastrande grusg\u00e5ng eller en ekande trappa. Inga telefonintervjuer d\u00e4r inte. I dag novelliserar och anekdotiserar jag som bekant f\u00f6retagens och organisationernas ber\u00e4ttelser.<br \/>\nNu \u00e4r diskussionen uppe igen bland journalister att vi beh\u00f6ver starka ber\u00e4ttelser ocks\u00e5 inom journalistiken f\u00f6r att befolka verkligheten. Senast var ber\u00e4ttandet tema i <strong>Publicistklubbens \u00e5rsbok<\/strong>. Journalisten ska inte bara rapportera mekaniskt och nyhetsm\u00e4ssigt i en v\u00e4rld fylld av andras ber\u00e4ttande p\u00e5 n\u00e4tet. Ber\u00e4ttelsen m\u00e5ste \u00e5terer\u00f6vras av journalistiken f\u00f6r att visa k\u00e4nslor och sammanhang, menar man.<br \/>\nEn artikel av <strong>Niklas Orrenius<\/strong> som tog sin utg\u00e5ngspunkt i detta publicerades i januari i <em>Sydsvenskan<\/em>. En somalisk kvinna i <em>Tomelilla<\/em> fick stenar kastade p\u00e5 sig. En muslimsk flicka i <em>S\u00f6dra Sandby<\/em> f\u00f6rnedrades och misshandlades.<br \/>\n<em>Vad ropar de? J\u00e4vla neger? N\u00e5got med gardiner? Kanske \u201dTa av dig din gardin!\u201d?<br \/>\nVarf\u00f6r kan de inte bara sluta? t\u00e4nker <strong>Malyum Salah Hashi<\/strong> n\u00e4r hon p\u00e5 nytt flyr undan ton\u00e5ringarnas trakasserier, sm\u00e5springande nerf\u00f6r backen mot Tomelilla centrum.<br \/>\nEn g\u00e5ng v\u00e4nder hon sig om:<br \/>\n\u2013 Jag \u00e4r precis som era mammor! ropar hon.<br \/>\nMen de slutar inte.<\/em><br \/>\nDen artikeln tog skruv i samh\u00e4llet och visade ber\u00e4ttandets kraft. Polisen fick f\u00f6rklara sig och m\u00e5nga drog efter andan \u00f6ver vad som h\u00e4nder i v\u00e5rt samh\u00e4lle 2011.<br \/>\nL\u00e4s den <a href=\"http:\/\/www.sydsvenskan.se\/sverige\/article1348238\/Stenen-i-ryggen-blev-droppen.html\"><em><strong>h\u00e4r<\/strong><\/em><\/a>.<\/p>\n","protected":false},"excerpt":{"rendered":"<p>N\u00e4r jag var en ung journalist och senare ocks\u00e5 l\u00e4rare p\u00e5 Journalisth\u00f6gskolan i Stockholm var det popul\u00e4rt med ber\u00e4ttande journalistik. Tom Wolfe och den Nya amerikanska journalistiken gillade vi. Jag inledde de flesta av mina tidiga artiklar och bokkapitel med en knastrande grusg\u00e5ng eller en ekande trappa. Inga telefonintervjuer d\u00e4r inte. I dag novelliserar och&#8230;<\/p>\n","protected":false},"author":2,"featured_media":0,"comment_status":"open","ping_status":"closed","sticky":false,"template":"","format":"standard","meta":[],"categories":[3],"tags":[],"_links":{"self":[{"href":"https:\/\/storytellers.se\/index.php?rest_route=\/wp\/v2\/posts\/2990"}],"collection":[{"href":"https:\/\/storytellers.se\/index.php?rest_route=\/wp\/v2\/posts"}],"about":[{"href":"https:\/\/storytellers.se\/index.php?rest_route=\/wp\/v2\/types\/post"}],"author":[{"embeddable":true,"href":"https:\/\/storytellers.se\/index.php?rest_route=\/wp\/v2\/users\/2"}],"replies":[{"embeddable":true,"href":"https:\/\/storytellers.se\/index.php?rest_route=%2Fwp%2Fv2%2Fcomments&post=2990"}],"version-history":[{"count":0,"href":"https:\/\/storytellers.se\/index.php?rest_route=\/wp\/v2\/posts\/2990\/revisions"}],"wp:attachment":[{"href":"https:\/\/storytellers.se\/index.php?rest_route=%2Fwp%2Fv2%2Fmedia&parent=2990"}],"wp:term":[{"taxonomy":"category","embeddable":true,"href":"https:\/\/storytellers.se\/index.php?rest_route=%2Fwp%2Fv2%2Fcategories&post=2990"},{"taxonomy":"post_tag","embeddable":true,"href":"https:\/\/storytellers.se\/index.php?rest_route=%2Fwp%2Fv2%2Ftags&post=2990"}],"curies":[{"name":"wp","href":"https:\/\/api.w.org\/{rel}","templated":true}]}}