{"id":2986,"date":"2011-05-17T13:07:13","date_gmt":"2011-05-17T12:07:13","guid":{"rendered":"http:\/\/heijbel.wordpress.com\/2011\/05\/17\/antropologiskt-perspektiv"},"modified":"2011-05-17T13:07:13","modified_gmt":"2011-05-17T12:07:13","slug":"antropologiskt-perspektiv","status":"publish","type":"post","link":"https:\/\/storytellers.se\/?p=2986","title":{"rendered":"Antropologiskt perspektiv"},"content":{"rendered":"<p>Alla m\u00e4nniskor \u00e4r i grunden lika. Det som skiljer oss \u00e5t \u00e4r kulturen som vi delar bland annat med v\u00e5ra sl\u00e4ktingar och v\u00e5ra medarbetare p\u00e5 jobbet. Det som skiljer oss \u00e4r den historiska situation som vi befinner oss i. Nedlagd i v\u00e5ra ber\u00e4ttelser blir ocks\u00e5 arbetets och arbetsplatskulturen synlig som en slags <em>f\u00f6retagsfolkore<\/em> och den l\u00e5ter sig studeras och s\u00e4ttas i arbete f\u00f6r att befolka varum\u00e4rken, \u00f6ka v\u00e4rdet p\u00e5 varor och tj\u00e4nster och f\u00f6r att fylla vardagen med emotionellt inneh\u00e5ll.<br \/>\nD\u00e4rf\u00f6r har jag nytta av min socialantropologiska bakgrund n\u00e4r jag n\u00e4rmar mig ett f\u00f6retag eller en organisation. Jag vet att ber\u00e4ttelserna finns d\u00e4r bland medarbetare, kunder och andra intressenter. Det \u00e4r d\u00e4rf\u00f6r jag s\u00f6ker, finner och sk\u00f6rdar ber\u00e4ttarkapitalet. Det \u00e4r d\u00e4rf\u00f6r vi arbetar med <em>Corporate Storytelling<\/em>.<\/p>\n","protected":false},"excerpt":{"rendered":"<p>Alla m\u00e4nniskor \u00e4r i grunden lika. Det som skiljer oss \u00e5t \u00e4r kulturen som vi delar bland annat med v\u00e5ra sl\u00e4ktingar och v\u00e5ra medarbetare p\u00e5 jobbet. Det som skiljer oss \u00e4r den historiska situation som vi befinner oss i. Nedlagd i v\u00e5ra ber\u00e4ttelser blir ocks\u00e5 arbetets och arbetsplatskulturen synlig som en slags f\u00f6retagsfolkore och den&#8230;<\/p>\n","protected":false},"author":2,"featured_media":0,"comment_status":"open","ping_status":"closed","sticky":false,"template":"","format":"standard","meta":[],"categories":[2],"tags":[],"_links":{"self":[{"href":"https:\/\/storytellers.se\/index.php?rest_route=\/wp\/v2\/posts\/2986"}],"collection":[{"href":"https:\/\/storytellers.se\/index.php?rest_route=\/wp\/v2\/posts"}],"about":[{"href":"https:\/\/storytellers.se\/index.php?rest_route=\/wp\/v2\/types\/post"}],"author":[{"embeddable":true,"href":"https:\/\/storytellers.se\/index.php?rest_route=\/wp\/v2\/users\/2"}],"replies":[{"embeddable":true,"href":"https:\/\/storytellers.se\/index.php?rest_route=%2Fwp%2Fv2%2Fcomments&post=2986"}],"version-history":[{"count":0,"href":"https:\/\/storytellers.se\/index.php?rest_route=\/wp\/v2\/posts\/2986\/revisions"}],"wp:attachment":[{"href":"https:\/\/storytellers.se\/index.php?rest_route=%2Fwp%2Fv2%2Fmedia&parent=2986"}],"wp:term":[{"taxonomy":"category","embeddable":true,"href":"https:\/\/storytellers.se\/index.php?rest_route=%2Fwp%2Fv2%2Fcategories&post=2986"},{"taxonomy":"post_tag","embeddable":true,"href":"https:\/\/storytellers.se\/index.php?rest_route=%2Fwp%2Fv2%2Ftags&post=2986"}],"curies":[{"name":"wp","href":"https:\/\/api.w.org\/{rel}","templated":true}]}}