{"id":2984,"date":"2011-05-16T11:51:03","date_gmt":"2011-05-16T10:51:03","guid":{"rendered":"http:\/\/heijbel.wordpress.com\/2011\/05\/16\/i-jusektidningen"},"modified":"2011-05-16T11:51:03","modified_gmt":"2011-05-16T10:51:03","slug":"i-jusektidningen","status":"publish","type":"post","link":"https:\/\/storytellers.se\/?p=2984","title":{"rendered":"I Jusektidningen"},"content":{"rendered":"<p>Nyligen publicerades en artikel i Jusektidningen d\u00e4r jag \u00e4r intervjuad om Corporate Storytelling. <a href=\"http:\/\/www.jusektidningen.se\/jusektidningen\/nyheter\/arbetsliv1\/sag-det-med-en-saga\/\"><em><strong>H\u00e4r<\/strong><\/em><\/a> finns den.<\/p>\n","protected":false},"excerpt":{"rendered":"<p>Nyligen publicerades en artikel i Jusektidningen d\u00e4r jag \u00e4r intervjuad om Corporate Storytelling. H\u00e4r finns den.<\/p>\n","protected":false},"author":2,"featured_media":0,"comment_status":"open","ping_status":"closed","sticky":false,"template":"","format":"standard","meta":[],"categories":[3],"tags":[],"_links":{"self":[{"href":"https:\/\/storytellers.se\/index.php?rest_route=\/wp\/v2\/posts\/2984"}],"collection":[{"href":"https:\/\/storytellers.se\/index.php?rest_route=\/wp\/v2\/posts"}],"about":[{"href":"https:\/\/storytellers.se\/index.php?rest_route=\/wp\/v2\/types\/post"}],"author":[{"embeddable":true,"href":"https:\/\/storytellers.se\/index.php?rest_route=\/wp\/v2\/users\/2"}],"replies":[{"embeddable":true,"href":"https:\/\/storytellers.se\/index.php?rest_route=%2Fwp%2Fv2%2Fcomments&post=2984"}],"version-history":[{"count":0,"href":"https:\/\/storytellers.se\/index.php?rest_route=\/wp\/v2\/posts\/2984\/revisions"}],"wp:attachment":[{"href":"https:\/\/storytellers.se\/index.php?rest_route=%2Fwp%2Fv2%2Fmedia&parent=2984"}],"wp:term":[{"taxonomy":"category","embeddable":true,"href":"https:\/\/storytellers.se\/index.php?rest_route=%2Fwp%2Fv2%2Fcategories&post=2984"},{"taxonomy":"post_tag","embeddable":true,"href":"https:\/\/storytellers.se\/index.php?rest_route=%2Fwp%2Fv2%2Ftags&post=2984"}],"curies":[{"name":"wp","href":"https:\/\/api.w.org\/{rel}","templated":true}]}}