{"id":2982,"date":"2011-05-11T11:48:06","date_gmt":"2011-05-11T10:48:06","guid":{"rendered":"http:\/\/heijbel.wordpress.com\/2011\/05\/11\/oppet-hus-i-katrineholm"},"modified":"2011-05-11T11:48:06","modified_gmt":"2011-05-11T10:48:06","slug":"oppet-hus-i-katrineholm","status":"publish","type":"post","link":"https:\/\/storytellers.se\/?p=2982","title":{"rendered":"\u00d6ppet hus i Katrineholm"},"content":{"rendered":"<p>Den 27 maj ska jag vara och samla kommunstories i <strong>Katrineholm<\/strong>. Fr\u00e4msta syftet \u00e4r att ladda in ber\u00e4ttelser i det kommunala arbetsgivarm\u00e4rket, s k <em>employer branding<\/em>. Men kommunen har ocks\u00e5 sagt att f\u00f6rutom att alla kommunanst\u00e4llda som vill och kan f\u00e5r komma, s\u00e5 f\u00e5r ocks\u00e5 representanter fr\u00e5n n\u00e4ringslivet komma till den f\u00f6rsta timmen, dvs den s\u00e5 kallade inspirationsf\u00f6rel\u00e4sningen. \u00d6ppet hus allts\u00e5.<br \/>\nEfter inspirationsf\u00f6rel\u00e4sningen f\u00f6ljer en work shop och sk\u00f6rdefest. P\u00e5 eftermiddagen kommer vi att spela in stories med fast kamera, s k <em>digital storytelling<\/em>. Bra ljus, bra ljud, bra och sann story. Inget manus och inga klipp. Det ger god digital storytelling i det h\u00e4r fallet i och om Katrineholms kommun.<\/p>\n","protected":false},"excerpt":{"rendered":"<p>Den 27 maj ska jag vara och samla kommunstories i Katrineholm. Fr\u00e4msta syftet \u00e4r att ladda in ber\u00e4ttelser i det kommunala arbetsgivarm\u00e4rket, s k employer branding. Men kommunen har ocks\u00e5 sagt att f\u00f6rutom att alla kommunanst\u00e4llda som vill och kan f\u00e5r komma, s\u00e5 f\u00e5r ocks\u00e5 representanter fr\u00e5n n\u00e4ringslivet komma till den f\u00f6rsta timmen, dvs den&#8230;<\/p>\n","protected":false},"author":2,"featured_media":0,"comment_status":"open","ping_status":"closed","sticky":false,"template":"","format":"standard","meta":[],"categories":[9],"tags":[],"_links":{"self":[{"href":"https:\/\/storytellers.se\/index.php?rest_route=\/wp\/v2\/posts\/2982"}],"collection":[{"href":"https:\/\/storytellers.se\/index.php?rest_route=\/wp\/v2\/posts"}],"about":[{"href":"https:\/\/storytellers.se\/index.php?rest_route=\/wp\/v2\/types\/post"}],"author":[{"embeddable":true,"href":"https:\/\/storytellers.se\/index.php?rest_route=\/wp\/v2\/users\/2"}],"replies":[{"embeddable":true,"href":"https:\/\/storytellers.se\/index.php?rest_route=%2Fwp%2Fv2%2Fcomments&post=2982"}],"version-history":[{"count":0,"href":"https:\/\/storytellers.se\/index.php?rest_route=\/wp\/v2\/posts\/2982\/revisions"}],"wp:attachment":[{"href":"https:\/\/storytellers.se\/index.php?rest_route=%2Fwp%2Fv2%2Fmedia&parent=2982"}],"wp:term":[{"taxonomy":"category","embeddable":true,"href":"https:\/\/storytellers.se\/index.php?rest_route=%2Fwp%2Fv2%2Fcategories&post=2982"},{"taxonomy":"post_tag","embeddable":true,"href":"https:\/\/storytellers.se\/index.php?rest_route=%2Fwp%2Fv2%2Ftags&post=2982"}],"curies":[{"name":"wp","href":"https:\/\/api.w.org\/{rel}","templated":true}]}}